{"id":10514,"date":"2024-07-11T11:06:58","date_gmt":"2024-07-11T14:06:58","guid":{"rendered":"https:\/\/defensoriarionegro.gov.ar\/drn\/?p=10514"},"modified":"2025-08-29T11:25:42","modified_gmt":"2025-08-29T14:25:42","slug":"la-defensoria-participo-en-la-reunion-de-revision-tarifaria-de-la-ceb-es-una-instancia-previa-a-la-audiencia-publica","status":"publish","type":"post","link":"https:\/\/defensoriarionegro.gov.ar\/drn\/la-defensoria-participo-en-la-reunion-de-revision-tarifaria-de-la-ceb-es-una-instancia-previa-a-la-audiencia-publica\/","title":{"rendered":"La Defensor\u00eda particip\u00f3 en la reuni\u00f3n de revisi\u00f3n tarifaria de la CEB. Es una instancia previa a la audiencia p\u00fablica."},"content":{"rendered":"\n<p>11 de julio 2024- La Defensor\u00eda del Pueblo particip\u00f3 en la reuni\u00f3n de Revisi\u00f3n Tarifaria Quinquenal Ordinaria de la distribuidora Cooperativa de Electricidad Bariloche (CEB), organizada por el Ente Provincial Regulador de la Energ\u00eda (EPRE).<\/p>\n\n\n\n<p>El objetivo del encuentro fue difundir los aspectos m\u00e1s relevantes de la propuesta tarifaria presentada por la distribuidora CEB, para el per\u00edodo 2023-2028, al igual que recepcionar aquellos planteos que sean pertinentes.<\/p>\n\n\n\n<p>La coordinaci\u00f3n de la reuni\u00f3n estuvo a cargo de los defensores del usuario, Luis Zaera y Martin Carrizo, designados por el Epre y se llev\u00f3 adelante en las instalaciones de la Asociaci\u00f3n Empresaria Hotelera Gastron\u00f3mica de Bariloche.<\/p>\n\n\n\n<p>Cabe aclarar que con la revisi\u00f3n tarifaria abierta, el organismo regulador ya convoc\u00f3 a la audiencia p\u00fablica para el 19 de julio a las 10, mediante modalidad virtual. Los oradores interesados pueden inscribirse en la web oficial del EPRE hasta el 17 de julio.<\/p>\n","protected":false},"excerpt":{"rendered":"<p>11 de julio 2024- La Defensor\u00eda del Pueblo particip\u00f3 en la reuni\u00f3n de Revisi\u00f3n Tarifaria Quinquenal Ordinaria de la distribuidora Cooperativa de Electricidad Bariloche (CEB), organizada por el Ente Provincial Regulador de la Energ\u00eda (EPRE). El objetivo del encuentro fue difundir los aspectos m\u00e1s relevantes de la propuesta tarifaria presentada por la distribuidora CEB, para [&hellip;]<\/p>\n","protected":false},"author":2,"featured_media":10531,"comment_status":"closed","ping_status":"open","sticky":false,"template":"","format":"standard","meta":{"_jetpack_memberships_contains_paid_content":false,"footnotes":""},"categories":[49],"tags":[95,28],"class_list":["post-10514","post","type-post","status-publish","format-standard","has-post-thumbnail","hentry","category-noticias","tag-audiencia-publica","tag-servicios-publicos"],"jetpack_featured_media_url":"https:\/\/defensoriarionegro.gov.ar\/drn\/wp-content\/uploads\/2024\/07\/Diseno-sin-titulo.png","jetpack_sharing_enabled":true,"_links":{"self":[{"href":"https:\/\/defensoriarionegro.gov.ar\/drn\/wp-json\/wp\/v2\/posts\/10514","targetHints":{"allow":["GET"]}}],"collection":[{"href":"https:\/\/defensoriarionegro.gov.ar\/drn\/wp-json\/wp\/v2\/posts"}],"about":[{"href":"https:\/\/defensoriarionegro.gov.ar\/drn\/wp-json\/wp\/v2\/types\/post"}],"author":[{"embeddable":true,"href":"https:\/\/defensoriarionegro.gov.ar\/drn\/wp-json\/wp\/v2\/users\/2"}],"replies":[{"embeddable":true,"href":"https:\/\/defensoriarionegro.gov.ar\/drn\/wp-json\/wp\/v2\/comments?post=10514"}],"version-history":[{"count":1,"href":"https:\/\/defensoriarionegro.gov.ar\/drn\/wp-json\/wp\/v2\/posts\/10514\/revisions"}],"predecessor-version":[{"id":12182,"href":"https:\/\/defensoriarionegro.gov.ar\/drn\/wp-json\/wp\/v2\/posts\/10514\/revisions\/12182"}],"wp:featuredmedia":[{"embeddable":true,"href":"https:\/\/defensoriarionegro.gov.ar\/drn\/wp-json\/wp\/v2\/media\/10531"}],"wp:attachment":[{"href":"https:\/\/defensoriarionegro.gov.ar\/drn\/wp-json\/wp\/v2\/media?parent=10514"}],"wp:term":[{"taxonomy":"category","embeddable":true,"href":"https:\/\/defensoriarionegro.gov.ar\/drn\/wp-json\/wp\/v2\/categories?post=10514"},{"taxonomy":"post_tag","embeddable":true,"href":"https:\/\/defensoriarionegro.gov.ar\/drn\/wp-json\/wp\/v2\/tags?post=10514"}],"curies":[{"name":"wp","href":"https:\/\/api.w.org\/{rel}","templated":true}]}}