{"id":10621,"date":"2024-07-19T12:08:33","date_gmt":"2024-07-19T15:08:33","guid":{"rendered":"https:\/\/defensoriarionegro.gov.ar\/drn\/?p=10621"},"modified":"2025-08-29T11:23:51","modified_gmt":"2025-08-29T14:23:51","slug":"hoy-participamos-en-la-audiencia-publica-por-la-revision-tarifaria-de-la-ceb","status":"publish","type":"post","link":"https:\/\/defensoriarionegro.gov.ar\/drn\/hoy-participamos-en-la-audiencia-publica-por-la-revision-tarifaria-de-la-ceb\/","title":{"rendered":"Hoy participamos en la audiencia p\u00fablica por la revisi\u00f3n tarifaria de la CEB."},"content":{"rendered":"\n<p>19 de julio 2024- La Defensor\u00eda del Pueblo particip\u00f3 como expositora en la audiencia p\u00fablica virtual de Revisi\u00f3n Tarifaria Quinquenal Ordinaria de la distribuidora Cooperativa de Electricidad Bariloche (CEB), organizada por el Ente Provincial Regulador de la Energ\u00eda (EPRE).<\/p>\n\n\n\n<p>En el marco de la propuesta tarifaria presentada por la distribuidora, para el per\u00edodo 2023-2028, la Defensor\u00eda remarc\u00f3, en el inicio de su exposici\u00f3n, la necesidad de incorporar a los mecanismos de revisi\u00f3n tarifaria, por parte de las distribuidoras, una publicaci\u00f3n detallada del impacto final que tendr\u00e1 la tarifa sobre cada categor\u00eda de usuarios.<\/p>\n\n\n\n<p>\u201cGeneralmente se hace p\u00fablica la indicaci\u00f3n del incremento en el porcentaje del VAD, y se genera un desconcierto informativo para los usuarios. Al incorporar el porcentaje de aumento en la tarifa final se brindar\u00eda mayor y mejor informaci\u00f3n al usuario, eliminando al mismo tiempo la incertidumbre\u201d, explicaron durante la alocuci\u00f3n desde la Defensor\u00eda.<\/p>\n\n\n\n<p>Sobre la propuesta tarifaria de la CEB, la Defensor\u00eda&nbsp; destac\u00f3 algunas cuestiones que advierte requieren especial an\u00e1lisis, como es el caso de los costos que se trasladan al usuario por p\u00e9rdidas no t\u00e9cnicas como hurto de energ\u00eda o de materiales; errores de facturaci\u00f3n, entre otros y, en el mismo sentido, sucede con el posible sobredimensionamiento de la planta del personal. En esta l\u00ednea, se indic\u00f3 que \u201cse requiere exponer objetiva y adecuadamente los mecanismos de abordaje y, en todo caso, no trasladar al usuario la ineficiencia y\/o riesgo asociado a ello\u00b7.<\/p>\n\n\n\n<p>Tambi\u00e9n se requiri\u00f3 un efectivo control respecto del estado de los materiales de la red de distribuci\u00f3n y su real reposici\u00f3n.&nbsp; En igual sentido respecto de los fondos asignados a inversiones para abastecer la demanda. \u201cDe lo contrario, se estar\u00edan asignando recursos que no son destinados a los fines para los cu\u00e1les son recabados de los usuarios\u201d, expres\u00f3 el asesor de la Defensor\u00eda del Pueblo en la audiencia.<\/p>\n\n\n\n<p>Adem\u00e1s, se recomend\u00f3 al Epre que, en el contexto tarifario actual, caracterizado por la abrupta quita de subsidios a nivel nacional, en una \u00e9poca estival de mayor requerimiento energ\u00e9tico de los usuarios, se extreme la debida diligencia y prudencia en el an\u00e1lisis y determinaci\u00f3n de la tarifa justa y razonable.<\/p>\n\n\n\n<p>Tambi\u00e9n se puntualiz\u00f3 en la necesidad de comunicar la resoluci\u00f3n que determine la nueva tarifa con antelaci\u00f3n razonable a su entrada en &nbsp;vigencia, de modo que los usuarios puedan adecuar sus econom\u00edas, evitando de tal forma, afectar sus intereses econ\u00f3micos y del derecho a una vida digna.<\/p>\n\n\n\n<p>&nbsp;Acced\u00e9 al texto completo de la exposici\u00f3n<\/p>\n\n\n\n<div data-wp-interactive=\"core\/file\" class=\"wp-block-file\"><object data-wp-bind--hidden=\"!state.hasPdfPreview\" hidden class=\"wp-block-file__embed\" data=\"https:\/\/defensoriarionegro.gov.ar\/drn\/wp-content\/uploads\/2024\/07\/2024.07.19-Exposicion-Audiencia-Publica-CEB-5ta-RTO.pdf\" type=\"application\/pdf\" style=\"width:100%;height:600px\" aria-label=\"Incrustado de Incrustado de 2024.07.19-Exposicion-Audiencia-Publica-CEB-5ta-RTO..\"><\/object><a href=\"https:\/\/defensoriarionegro.gov.ar\/drn\/wp-content\/uploads\/2024\/07\/2024.07.19-Exposicion-Audiencia-Publica-CEB-5ta-RTO.pdf\">2024.07.19-Exposicion-Audiencia-Publica-CEB-5ta-RTO<\/a><a href=\"https:\/\/defensoriarionegro.gov.ar\/drn\/wp-content\/uploads\/2024\/07\/2024.07.19-Exposicion-Audiencia-Publica-CEB-5ta-RTO.pdf\" class=\"wp-block-file__button\" download>Descarga<\/a><\/div>\n","protected":false},"excerpt":{"rendered":"<p>19 de julio 2024- La Defensor\u00eda del Pueblo particip\u00f3 como expositora en la audiencia p\u00fablica virtual de Revisi\u00f3n Tarifaria Quinquenal Ordinaria de la distribuidora Cooperativa de Electricidad Bariloche (CEB), organizada por el Ente Provincial Regulador de la Energ\u00eda (EPRE). En el marco de la propuesta tarifaria presentada por la distribuidora, para el per\u00edodo 2023-2028, la [&hellip;]<\/p>\n","protected":false},"author":2,"featured_media":10666,"comment_status":"closed","ping_status":"open","sticky":false,"template":"","format":"standard","meta":{"_jetpack_memberships_contains_paid_content":false,"footnotes":""},"categories":[49],"tags":[95,28],"class_list":["post-10621","post","type-post","status-publish","format-standard","has-post-thumbnail","hentry","category-noticias","tag-audiencia-publica","tag-servicios-publicos"],"jetpack_featured_media_url":"https:\/\/defensoriarionegro.gov.ar\/drn\/wp-content\/uploads\/2024\/07\/pagina-web2-pdf.jpg","jetpack_sharing_enabled":true,"_links":{"self":[{"href":"https:\/\/defensoriarionegro.gov.ar\/drn\/wp-json\/wp\/v2\/posts\/10621","targetHints":{"allow":["GET"]}}],"collection":[{"href":"https:\/\/defensoriarionegro.gov.ar\/drn\/wp-json\/wp\/v2\/posts"}],"about":[{"href":"https:\/\/defensoriarionegro.gov.ar\/drn\/wp-json\/wp\/v2\/types\/post"}],"author":[{"embeddable":true,"href":"https:\/\/defensoriarionegro.gov.ar\/drn\/wp-json\/wp\/v2\/users\/2"}],"replies":[{"embeddable":true,"href":"https:\/\/defensoriarionegro.gov.ar\/drn\/wp-json\/wp\/v2\/comments?post=10621"}],"version-history":[{"count":1,"href":"https:\/\/defensoriarionegro.gov.ar\/drn\/wp-json\/wp\/v2\/posts\/10621\/revisions"}],"predecessor-version":[{"id":12180,"href":"https:\/\/defensoriarionegro.gov.ar\/drn\/wp-json\/wp\/v2\/posts\/10621\/revisions\/12180"}],"wp:featuredmedia":[{"embeddable":true,"href":"https:\/\/defensoriarionegro.gov.ar\/drn\/wp-json\/wp\/v2\/media\/10666"}],"wp:attachment":[{"href":"https:\/\/defensoriarionegro.gov.ar\/drn\/wp-json\/wp\/v2\/media?parent=10621"}],"wp:term":[{"taxonomy":"category","embeddable":true,"href":"https:\/\/defensoriarionegro.gov.ar\/drn\/wp-json\/wp\/v2\/categories?post=10621"},{"taxonomy":"post_tag","embeddable":true,"href":"https:\/\/defensoriarionegro.gov.ar\/drn\/wp-json\/wp\/v2\/tags?post=10621"}],"curies":[{"name":"wp","href":"https:\/\/api.w.org\/{rel}","templated":true}]}}