{"id":10842,"date":"2024-08-29T10:47:23","date_gmt":"2024-08-29T13:47:23","guid":{"rendered":"https:\/\/defensoriarionegro.gov.ar\/drn\/?p=10842"},"modified":"2025-08-29T11:20:04","modified_gmt":"2025-08-29T14:20:04","slug":"4o-encuentro-del-ciclo-de-charlas-vamos-a-la-junta-vecinal-del-balneario-el-condor-viernes-30-a-las-10-00","status":"publish","type":"post","link":"https:\/\/defensoriarionegro.gov.ar\/drn\/4o-encuentro-del-ciclo-de-charlas-vamos-a-la-junta-vecinal-del-balneario-el-condor-viernes-30-a-las-10-00\/","title":{"rendered":"4\u00ba Encuentro del ciclo de charlas: Vamos a la Junta Vecinal del Balneario El C\u00f3ndor. Viernes 30 a las 10.00"},"content":{"rendered":"\n<p>29 de agosto de 2024- La Defensor\u00eda del Pueblo contin\u00faa con su ciclo de charlas en los barrios.<\/p>\n\n\n\n<p>En esta oportunidad, el encuentro se realizar\u00e1 en forma conjunta con el Ministerio de Seguridad y Justicia, en la Junta Vecinal del Balneario El C\u00f3ndor, ma\u00f1ana viernes 30 de agosto a partir de las 10.00.<\/p>\n\n\n\n<p>Las tem\u00e1ticas elegidas para exponer son, desde la Defensor\u00eda, las tarifas de los servicios de luz y gas y sus subsidios por segmentaci\u00f3n; desde el Ministerio de Seguridad y Justicia a trav\u00e9s de la Secretaria de Narcocriminalidad, se expondr\u00e1 acerca de las ciberestafas y el 0800 droga contra el narcotr\u00e1fico.<\/p>\n\n\n\n<p>A trav\u00e9s de estos encuentros se busca acercar los organismos del Estado a la comunidad y proporcionar conocimiento y herramientas que le sean \u00fatiles a la ciudadan\u00eda al momento de abordar los temas que son de preocupaci\u00f3n diaria.<\/p>\n\n\n\n<p>Los encuentros presenciales resultan una forma m\u00e1s de contacto que permite un ida y vuelta de forma directa con las personas y que complementa las otras v\u00edas, tanto digitales como presenciales, ya consolidadas.<\/p>\n","protected":false},"excerpt":{"rendered":"<p>29 de agosto de 2024- La Defensor\u00eda del Pueblo contin\u00faa con su ciclo de charlas en los barrios. En esta oportunidad, el encuentro se realizar\u00e1 en forma conjunta con el Ministerio de Seguridad y Justicia, en la Junta Vecinal del Balneario El C\u00f3ndor, ma\u00f1ana viernes 30 de agosto a partir de las 10.00. Las tem\u00e1ticas [&hellip;]<\/p>\n","protected":false},"author":2,"featured_media":10843,"comment_status":"closed","ping_status":"open","sticky":false,"template":"","format":"standard","meta":{"_jetpack_memberships_contains_paid_content":false,"footnotes":""},"categories":[14,49],"tags":[42],"class_list":["post-10842","post","type-post","status-publish","format-standard","has-post-thumbnail","hentry","category-eventos-y-capacitaciones","category-noticias","tag-ciclo-de-charlas"],"jetpack_featured_media_url":"https:\/\/defensoriarionegro.gov.ar\/drn\/wp-content\/uploads\/2024\/08\/web.jpg","jetpack_sharing_enabled":true,"_links":{"self":[{"href":"https:\/\/defensoriarionegro.gov.ar\/drn\/wp-json\/wp\/v2\/posts\/10842","targetHints":{"allow":["GET"]}}],"collection":[{"href":"https:\/\/defensoriarionegro.gov.ar\/drn\/wp-json\/wp\/v2\/posts"}],"about":[{"href":"https:\/\/defensoriarionegro.gov.ar\/drn\/wp-json\/wp\/v2\/types\/post"}],"author":[{"embeddable":true,"href":"https:\/\/defensoriarionegro.gov.ar\/drn\/wp-json\/wp\/v2\/users\/2"}],"replies":[{"embeddable":true,"href":"https:\/\/defensoriarionegro.gov.ar\/drn\/wp-json\/wp\/v2\/comments?post=10842"}],"version-history":[{"count":1,"href":"https:\/\/defensoriarionegro.gov.ar\/drn\/wp-json\/wp\/v2\/posts\/10842\/revisions"}],"predecessor-version":[{"id":12166,"href":"https:\/\/defensoriarionegro.gov.ar\/drn\/wp-json\/wp\/v2\/posts\/10842\/revisions\/12166"}],"wp:featuredmedia":[{"embeddable":true,"href":"https:\/\/defensoriarionegro.gov.ar\/drn\/wp-json\/wp\/v2\/media\/10843"}],"wp:attachment":[{"href":"https:\/\/defensoriarionegro.gov.ar\/drn\/wp-json\/wp\/v2\/media?parent=10842"}],"wp:term":[{"taxonomy":"category","embeddable":true,"href":"https:\/\/defensoriarionegro.gov.ar\/drn\/wp-json\/wp\/v2\/categories?post=10842"},{"taxonomy":"post_tag","embeddable":true,"href":"https:\/\/defensoriarionegro.gov.ar\/drn\/wp-json\/wp\/v2\/tags?post=10842"}],"curies":[{"name":"wp","href":"https:\/\/api.w.org\/{rel}","templated":true}]}}