{"id":10849,"date":"2024-08-30T13:46:05","date_gmt":"2024-08-30T16:46:05","guid":{"rendered":"https:\/\/defensoriarionegro.gov.ar\/drn\/?p=10849"},"modified":"2025-08-29T11:17:04","modified_gmt":"2025-08-29T14:17:04","slug":"santagati-participo-en-la-audiencia-publica-por-el-proyecto-calcatreu","status":"publish","type":"post","link":"https:\/\/defensoriarionegro.gov.ar\/drn\/santagati-participo-en-la-audiencia-publica-por-el-proyecto-calcatreu\/","title":{"rendered":"Santagati particip\u00f3 en la audiencia p\u00fablica por el proyecto Calcatreu"},"content":{"rendered":"\n<p>30 de agosto de 2024- La defensora del pueblo de R\u00edo Negro, Adriana Santagati, particip\u00f3 en calidad de expositora en la audiencia p\u00fablica en la que se analiza el procedimiento de evaluaci\u00f3n del Estudio de Impacto Ambiental para la etapa de Explotaci\u00f3n del Proyecto Minero Calcatreu, presentado por la empresa Minera Aquiline Argentina, actual Minera Calcatreu. <\/p>\n\n\n\n<p>Con 257 oradores inscriptos, la audiencia, convocada por la Secretaria de Ambiente y Cambio Clim\u00e1tico de la Provincia de R\u00edo Negro, es de modalidad presencial y se lleva adelante en el gimnasio municipal de la ciudad de Ingeniero Jacobacci.<\/p>\n\n\n\n<p>\u201cLa condici\u00f3n de validez de este proyecto, como de todas las actividades de car\u00e1cter extractivo, es su compatibilidad con la preservaci\u00f3n del medio ambiente\u201d, expres\u00f3 la defensora del pueblo durante su alocuci\u00f3n y agreg\u00f3 que\u00a0 \u201cesto no resulta discutible y para eso existe todo un marco jur\u00eddico en materia de medio ambiente, empresas y derechos humanos que brinda coordenadas sustanciales y procedimentales sumamente claras a las que deben ce\u00f1irse iniciativas como esta\u201d. <\/p>\n\n\n\n<p>Santagati remarc\u00f3 que \u201cdesde la Defensor\u00eda del Pueblo no coincidimos con mensajes que nos llevan a la confrontaci\u00f3n. Por el contrario, sostenemos que toda actividad econ\u00f3mica, cuando se realiza de manera responsable y sustentable, se convierte en un motor para el desarrollo que contribuye a la mejora de la calidad de vida, fruto de la creaci\u00f3n de oportunidades de empleo, infraestructura y servicios para las comunidades\u201d.<\/p>\n\n\n\n<p>\u201cEl Estado tiene la obligaci\u00f3n de proteger, reforzando la capacidad de seguimiento y fiscalizaci\u00f3n del cumplimiento de las obligaciones ambientales del proyecto, especialmente en el monitoreo constante de la calidad del agua, aire, y suelo, y la implementaci\u00f3n de medidas correctivas inmediatas en caso de desviaciones, incluyendo la transparencia de los procesos y sus resultados\u201d, afirm\u00f3.<\/p>\n\n\n\n<p>Al finalizar su exposici\u00f3n Santagati indic\u00f3 que se est\u00e1 frente a un proyecto que invita a un debate sumamente serio, \u201cde una parte, un proyecto extractivo que involucra impactos ambientales que deber\u00e1n ser gestionados y mitigados, y ponen en cabeza del Estado y las empresas un deber de debida diligencia. Pero tambi\u00e9n es tiempo de exigir, con la misma jerarqu\u00eda jur\u00eddica, que este proyecto se convierta en un veh\u00edculo tangible del desarrollo local y regional\u201d. <\/p>\n\n\n\n<p>Acced\u00e9 a la exposici\u00f3n completa<\/p>\n\n\n\n<div data-wp-interactive=\"core\/file\" class=\"wp-block-file\"><object data-wp-bind--hidden=\"!state.hasPdfPreview\" hidden class=\"wp-block-file__embed\" data=\"https:\/\/defensoriarionegro.gov.ar\/drn\/wp-content\/uploads\/2024\/08\/Exposicion-Audiencia-Publica-Proyecto-Calcatreu-30.08.24.pdf\" type=\"application\/pdf\" style=\"width:100%;height:600px\" aria-label=\"Incrustado de Incrustado de Exposicion-Audiencia-Publica-Proyecto-Calcatreu-30.08.24..\"><\/object><a href=\"https:\/\/defensoriarionegro.gov.ar\/drn\/wp-content\/uploads\/2024\/08\/Exposicion-Audiencia-Publica-Proyecto-Calcatreu-30.08.24.pdf\">Exposicion-Audiencia-Publica-Proyecto-Calcatreu-30.08.24<\/a><a href=\"https:\/\/defensoriarionegro.gov.ar\/drn\/wp-content\/uploads\/2024\/08\/Exposicion-Audiencia-Publica-Proyecto-Calcatreu-30.08.24.pdf\" class=\"wp-block-file__button\" download>Descarga<\/a><\/div>\n","protected":false},"excerpt":{"rendered":"<p>30 de agosto de 2024- La defensora del pueblo de R\u00edo Negro, Adriana Santagati, particip\u00f3 en calidad de expositora en la audiencia p\u00fablica en la que se analiza el procedimiento de evaluaci\u00f3n del Estudio de Impacto Ambiental para la etapa de Explotaci\u00f3n del Proyecto Minero Calcatreu, presentado por la empresa Minera Aquiline Argentina, actual Minera [&hellip;]<\/p>\n","protected":false},"author":2,"featured_media":10851,"comment_status":"closed","ping_status":"open","sticky":false,"template":"","format":"standard","meta":{"_jetpack_memberships_contains_paid_content":false,"footnotes":""},"categories":[49],"tags":[21],"class_list":["post-10849","post","type-post","status-publish","format-standard","has-post-thumbnail","hentry","category-noticias","tag-ambiente-y-desarrollo-sostenible"],"jetpack_featured_media_url":"https:\/\/defensoriarionegro.gov.ar\/drn\/wp-content\/uploads\/2024\/08\/c.jpeg","jetpack_sharing_enabled":true,"_links":{"self":[{"href":"https:\/\/defensoriarionegro.gov.ar\/drn\/wp-json\/wp\/v2\/posts\/10849","targetHints":{"allow":["GET"]}}],"collection":[{"href":"https:\/\/defensoriarionegro.gov.ar\/drn\/wp-json\/wp\/v2\/posts"}],"about":[{"href":"https:\/\/defensoriarionegro.gov.ar\/drn\/wp-json\/wp\/v2\/types\/post"}],"author":[{"embeddable":true,"href":"https:\/\/defensoriarionegro.gov.ar\/drn\/wp-json\/wp\/v2\/users\/2"}],"replies":[{"embeddable":true,"href":"https:\/\/defensoriarionegro.gov.ar\/drn\/wp-json\/wp\/v2\/comments?post=10849"}],"version-history":[{"count":1,"href":"https:\/\/defensoriarionegro.gov.ar\/drn\/wp-json\/wp\/v2\/posts\/10849\/revisions"}],"predecessor-version":[{"id":12165,"href":"https:\/\/defensoriarionegro.gov.ar\/drn\/wp-json\/wp\/v2\/posts\/10849\/revisions\/12165"}],"wp:featuredmedia":[{"embeddable":true,"href":"https:\/\/defensoriarionegro.gov.ar\/drn\/wp-json\/wp\/v2\/media\/10851"}],"wp:attachment":[{"href":"https:\/\/defensoriarionegro.gov.ar\/drn\/wp-json\/wp\/v2\/media?parent=10849"}],"wp:term":[{"taxonomy":"category","embeddable":true,"href":"https:\/\/defensoriarionegro.gov.ar\/drn\/wp-json\/wp\/v2\/categories?post=10849"},{"taxonomy":"post_tag","embeddable":true,"href":"https:\/\/defensoriarionegro.gov.ar\/drn\/wp-json\/wp\/v2\/tags?post=10849"}],"curies":[{"name":"wp","href":"https:\/\/api.w.org\/{rel}","templated":true}]}}