{"id":10908,"date":"2024-09-25T09:45:15","date_gmt":"2024-09-25T12:45:15","guid":{"rendered":"https:\/\/defensoriarionegro.gov.ar\/drn\/?p=10908"},"modified":"2025-08-29T11:14:57","modified_gmt":"2025-08-29T14:14:57","slug":"solicitud-de-intervencion-al-enargas-ante-medidas-tomadas-por-camuzzi-que-podrian-perjudicar-al-usuario","status":"publish","type":"post","link":"https:\/\/defensoriarionegro.gov.ar\/drn\/solicitud-de-intervencion-al-enargas-ante-medidas-tomadas-por-camuzzi-que-podrian-perjudicar-al-usuario\/","title":{"rendered":"Defensor\u00edas advierten medidas tomadas por Camuzzi que podr\u00edan perjudicar al usuario. Piden que intervenga el Enargas."},"content":{"rendered":"\n<p>25 de septiembre de 2024- La Defensor\u00eda del Pueblo de R\u00edo Negro junto a sus pares de la Patagonia y el aval de la Asociaci\u00f3n que nuclea a todas las Defensor\u00edas del Pueblo del pa\u00eds, solicitaron la intervenci\u00f3n del ENARGAS ante una nueva situaci\u00f3n detectada, en lo que respecta a las facturas del servicio de distribuci\u00f3n de gas, por parte de la empresa Camuzzi Gas del Sur S.A.<\/p>\n\n\n\n<p>Desde las Defensor\u00edas se advirti\u00f3 que, frente a los aumentos desproporcionales, imprevisibles y no graduales de la tarifa del servicio de gas y la dificultad de los usuarios de afrontar el costo de las facturas, la empresa Camuzzi habilit\u00f3 la opci\u00f3n de financiar el pago del servicio a trav\u00e9s de la obtenci\u00f3n de un pr\u00e9stamo personal otorgado por una \u00fanica entidad bancaria, el Banco Macro.<\/p>\n\n\n\n<p>Los defensores del pueblo consideran que los t\u00e9rminos y condiciones de dicha opci\u00f3n deber\u00edan ser previamente validados por el Ente Nacional Regulador del Gas (Enargas), en tanto le corresponde velar por la protecci\u00f3n de los intereses econ\u00f3micos de los usuarios.<\/p>\n\n\n\n<p>\u201cCabe advertir que a trav\u00e9s del pr\u00e9stamo personal se habilita a financiar hasta un m\u00e1ximo de dos facturas, en 3 cuotas, aplic\u00e1ndose una tasa de inter\u00e9s nominal anual del 70%\u201d, tasa de mercado completamente aplicable a pr\u00e9stamos personales, pero con condiciones distintas, en tanto su eventual incumplimiento, adem\u00e1s de la deuda con el banco, producir\u00e1 tambi\u00e9n el corte del servicio\u201d, indicaron las autoridades de las Defensor\u00edas.<\/p>\n\n\n\n<p>\u201cEstamos ante un supuesto donde las facturas de gas produjeron desequilibrios sensibles en las econom\u00edas de los hogares, y frente a ello la alternativa dispuesta por la Distribuidora, sin intervenci\u00f3n del Ente Regulador, conduce a que quienes no pueden abonar las facturas del servicio p\u00fablico tengan la \u00fanica opci\u00f3n de endeudarse frente a una \u00fanica entidad bancaria [predispuesta por el Distribuidor] y a tasas que no contribuyen a reducir el impacto de las medidas tarifarias\u201d, remarcaron.<\/p>\n\n\n\n<p>Advirtieron, adem\u00e1s, que \u201cel usuario no es un especulador financiero por naturaleza, no posee los mismos recursos t\u00e9cnicos y de formaci\u00f3n que los concesionarios y las entidades bancarias. La necesidad de financiaci\u00f3n de la factura de gas viene condicionada a un estado de emergencia o necesidad impostergable de la econom\u00eda familiar, no a una maniobra financiera\u201d.<\/p>\n\n\n\n<p>Los defensores consideraron que se est\u00e1 en presencia de una actuaci\u00f3n y regulaci\u00f3n que da la espalda a los usuarios y que \u201clo que la Distribuidora deber\u00eda proponer son mecanismos que garanticen la accesibilidad y asequibilidad del servicio p\u00fablico. Sin embargo, se proyecta el mismo como un claro negocio financiero, atentando contra su raz\u00f3n de ser, que es satisfacer necesidades esenciales b\u00e1sicas de la poblaci\u00f3n\u201d.<\/p>\n\n\n\n<p>Por todo ello, requirieron la intervenci\u00f3n del Ente Regulador, con anterioridad a disponer mecanismos que impacten en los intereses econ\u00f3micos de los usuarios, y que las medidas que se adopten contribuyan efectivamente a garantizar y proteger los intereses econ\u00f3micos de las personas usuarias del servicio. Adem\u00e1s, las Defensor\u00edas pusieron en conocimiento de la situaci\u00f3n a la Secretar\u00eda de Energ\u00eda de la Naci\u00f3n.<\/p>\n","protected":false},"excerpt":{"rendered":"<p>25 de septiembre de 2024- La Defensor\u00eda del Pueblo de R\u00edo Negro junto a sus pares de la Patagonia y el aval de la Asociaci\u00f3n que nuclea a todas las Defensor\u00edas del Pueblo del pa\u00eds, solicitaron la intervenci\u00f3n del ENARGAS ante una nueva situaci\u00f3n detectada, en lo que respecta a las facturas del servicio de [&hellip;]<\/p>\n","protected":false},"author":2,"featured_media":10909,"comment_status":"closed","ping_status":"open","sticky":false,"template":"","format":"standard","meta":{"_jetpack_memberships_contains_paid_content":false,"footnotes":""},"categories":[49],"tags":[81,28],"class_list":["post-10908","post","type-post","status-publish","format-standard","has-post-thumbnail","hentry","category-noticias","tag-adpra","tag-servicios-publicos"],"jetpack_featured_media_url":"https:\/\/defensoriarionegro.gov.ar\/drn\/wp-content\/uploads\/2024\/09\/enargas-web.jpg","jetpack_sharing_enabled":true,"_links":{"self":[{"href":"https:\/\/defensoriarionegro.gov.ar\/drn\/wp-json\/wp\/v2\/posts\/10908","targetHints":{"allow":["GET"]}}],"collection":[{"href":"https:\/\/defensoriarionegro.gov.ar\/drn\/wp-json\/wp\/v2\/posts"}],"about":[{"href":"https:\/\/defensoriarionegro.gov.ar\/drn\/wp-json\/wp\/v2\/types\/post"}],"author":[{"embeddable":true,"href":"https:\/\/defensoriarionegro.gov.ar\/drn\/wp-json\/wp\/v2\/users\/2"}],"replies":[{"embeddable":true,"href":"https:\/\/defensoriarionegro.gov.ar\/drn\/wp-json\/wp\/v2\/comments?post=10908"}],"version-history":[{"count":1,"href":"https:\/\/defensoriarionegro.gov.ar\/drn\/wp-json\/wp\/v2\/posts\/10908\/revisions"}],"predecessor-version":[{"id":12159,"href":"https:\/\/defensoriarionegro.gov.ar\/drn\/wp-json\/wp\/v2\/posts\/10908\/revisions\/12159"}],"wp:featuredmedia":[{"embeddable":true,"href":"https:\/\/defensoriarionegro.gov.ar\/drn\/wp-json\/wp\/v2\/media\/10909"}],"wp:attachment":[{"href":"https:\/\/defensoriarionegro.gov.ar\/drn\/wp-json\/wp\/v2\/media?parent=10908"}],"wp:term":[{"taxonomy":"category","embeddable":true,"href":"https:\/\/defensoriarionegro.gov.ar\/drn\/wp-json\/wp\/v2\/categories?post=10908"},{"taxonomy":"post_tag","embeddable":true,"href":"https:\/\/defensoriarionegro.gov.ar\/drn\/wp-json\/wp\/v2\/tags?post=10908"}],"curies":[{"name":"wp","href":"https:\/\/api.w.org\/{rel}","templated":true}]}}