{"id":10963,"date":"2024-10-14T12:22:19","date_gmt":"2024-10-14T15:22:19","guid":{"rendered":"https:\/\/defensoriarionegro.gov.ar\/drn\/?p=10963"},"modified":"2025-08-29T11:11:43","modified_gmt":"2025-08-29T14:11:43","slug":"la-defensoria-del-pueblo-participo-como-disertante-en-el-seminario-hablemos-de-salud-mental","status":"publish","type":"post","link":"https:\/\/defensoriarionegro.gov.ar\/drn\/la-defensoria-del-pueblo-participo-como-disertante-en-el-seminario-hablemos-de-salud-mental\/","title":{"rendered":"La Defensor\u00eda del Pueblo particip\u00f3 como disertante en el seminario \u201cHablemos de Salud Mental\u201d"},"content":{"rendered":"\n<p>14 de octubre de 2024- La Defensor\u00eda del Pueblo particip\u00f3 como disertante en el seminario \u201cHablemos de Salud Mental\u201d<\/p>\n\n\n\n<p>En el marco del D\u00eda Mundial de la Salud Mental que se conmemora cada 10 de octubre, la Municipalidad de Cipolletti, a trav\u00e9s de su Secretar\u00eda de Desarrollo Humano, organiz\u00f3 el Seminario \u201cHablemos de Salud Mental\u201d.<\/p>\n\n\n\n<p>El evento se desarroll\u00f3 en el Centro Cultural de esa ciudad del Alto Valle rionegrino durante la jornada de hoy, 14 de octubre.<\/p>\n\n\n\n<p>El objetivo principal fue visibilizar la tem\u00e1tica y concientizar a las instituciones y al p\u00fablico en general sobre la importancia del cuidado de la salud mental.<\/p>\n\n\n\n<p>En la oportunidad, la Defensor\u00eda del Pueblo, a trav\u00e9s de un representante del \u00d3rgano de Revisi\u00f3n de Salud Mental, expres\u00f3 en el comienzo de su alocuci\u00f3n que \u201csi bien la Ley Provincial N\u00b0 2.440, desde el punto de vista sanitario, no ha logrado su total implementaci\u00f3n y contin\u00faa con dificultades, el desarrollo del sistema de salud mental comunitaria de la provincia de R\u00edo Negro ha alcanzado muchos de sus prop\u00f3sitos. Tanto que ha tenido el reconocimiento de la Organizaci\u00f3n Panamericana de la Salud (OPS) y de la Organizaci\u00f3n Mundial de la Salud (OMS) como modelo a nivel global\u201d.<\/p>\n\n\n\n<p>Agreg\u00f3 adem\u00e1s que \u201cno por ello, se debe dejar de reconocer que actores de diferentes vertientes como los trabajadores de la salud mental, familiares, organizaciones de la sociedad civil y las mismas personas usuarias del sistema, dan cuenta de las dificultades y problemas en el proceso de atenci\u00f3n y reinserci\u00f3n social comunitaria de las personas con sufrimiento mental. Actores fundamentales para la implementaci\u00f3n de cualquier medida que mejore el contexto y potencie los recursos existentes\u201d.<\/p>\n\n\n\n<p>Tambi\u00e9n se expuso sobre c\u00f3mo funciona el \u00d3rgano de Revisi\u00f3n de Salud Mental de R\u00edo Negro y sus funciones y el concepto de internaci\u00f3n y su implementaci\u00f3n&nbsp; enmarcado en la ley.<\/p>\n\n\n\n<p>Finalmente se hizo hincapi\u00e9 en la importancia de \u201cconsolidar un sistema de salud mental comunitario verdaderamente inclusivo, que respete la autonom\u00eda de las personas, que ofrezca alternativas ambulatorias y comunitarias y que, por sobre todo, asegure la plena vigencia de los derechos humanos en cada intervenci\u00f3n\u201d.<\/p>\n","protected":false},"excerpt":{"rendered":"<p>14 de octubre de 2024- La Defensor\u00eda del Pueblo particip\u00f3 como disertante en el seminario \u201cHablemos de Salud Mental\u201d En el marco del D\u00eda Mundial de la Salud Mental que se conmemora cada 10 de octubre, la Municipalidad de Cipolletti, a trav\u00e9s de su Secretar\u00eda de Desarrollo Humano, organiz\u00f3 el Seminario \u201cHablemos de Salud Mental\u201d. [&hellip;]<\/p>\n","protected":false},"author":2,"featured_media":10966,"comment_status":"closed","ping_status":"open","sticky":false,"template":"","format":"standard","meta":{"_jetpack_memberships_contains_paid_content":false,"footnotes":""},"categories":[14,49],"tags":[22],"class_list":["post-10963","post","type-post","status-publish","format-standard","has-post-thumbnail","hentry","category-eventos-y-capacitaciones","category-noticias","tag-salud-mental"],"jetpack_featured_media_url":"https:\/\/defensoriarionegro.gov.ar\/drn\/wp-content\/uploads\/2024\/10\/1-e1728919479395.jpeg","jetpack_sharing_enabled":true,"_links":{"self":[{"href":"https:\/\/defensoriarionegro.gov.ar\/drn\/wp-json\/wp\/v2\/posts\/10963","targetHints":{"allow":["GET"]}}],"collection":[{"href":"https:\/\/defensoriarionegro.gov.ar\/drn\/wp-json\/wp\/v2\/posts"}],"about":[{"href":"https:\/\/defensoriarionegro.gov.ar\/drn\/wp-json\/wp\/v2\/types\/post"}],"author":[{"embeddable":true,"href":"https:\/\/defensoriarionegro.gov.ar\/drn\/wp-json\/wp\/v2\/users\/2"}],"replies":[{"embeddable":true,"href":"https:\/\/defensoriarionegro.gov.ar\/drn\/wp-json\/wp\/v2\/comments?post=10963"}],"version-history":[{"count":1,"href":"https:\/\/defensoriarionegro.gov.ar\/drn\/wp-json\/wp\/v2\/posts\/10963\/revisions"}],"predecessor-version":[{"id":12154,"href":"https:\/\/defensoriarionegro.gov.ar\/drn\/wp-json\/wp\/v2\/posts\/10963\/revisions\/12154"}],"wp:featuredmedia":[{"embeddable":true,"href":"https:\/\/defensoriarionegro.gov.ar\/drn\/wp-json\/wp\/v2\/media\/10966"}],"wp:attachment":[{"href":"https:\/\/defensoriarionegro.gov.ar\/drn\/wp-json\/wp\/v2\/media?parent=10963"}],"wp:term":[{"taxonomy":"category","embeddable":true,"href":"https:\/\/defensoriarionegro.gov.ar\/drn\/wp-json\/wp\/v2\/categories?post=10963"},{"taxonomy":"post_tag","embeddable":true,"href":"https:\/\/defensoriarionegro.gov.ar\/drn\/wp-json\/wp\/v2\/tags?post=10963"}],"curies":[{"name":"wp","href":"https:\/\/api.w.org\/{rel}","templated":true}]}}