{"id":10969,"date":"2024-10-16T10:26:40","date_gmt":"2024-10-16T13:26:40","guid":{"rendered":"https:\/\/defensoriarionegro.gov.ar\/drn\/?p=10969"},"modified":"2025-08-29T11:10:42","modified_gmt":"2025-08-29T14:10:42","slug":"atencion-de-consultas-y-reclamos-en-la-zona-andina","status":"publish","type":"post","link":"https:\/\/defensoriarionegro.gov.ar\/drn\/atencion-de-consultas-y-reclamos-en-la-zona-andina\/","title":{"rendered":"Atenci\u00f3n de consultas y reclamos en la Zona Andina"},"content":{"rendered":"\n<p>16 de octubre de 2024- Los d\u00edas 22, 23 y 24 de octubre la Defensor\u00eda del Pueblo atender\u00e1 reclamos y brindar\u00e1 asesoramiento en las localidades andinas de Paso Flores, Villa LLanqu\u00edn,Villa Mascardi, El Manso, R\u00edo Villegas,\u00d1orquinco, R\u00efo Chico y Mamuel Choique.<\/p>\n\n\n\n<p>Adem\u00e1s, agentes del organismo recorrer\u00e1n las salas de primeros auxilios y destacamentos policiales correspondientes a cada localidad.<\/p>\n\n\n\n<p>La Defensor\u00eda del Pueblo defiende y protege los derechos de todas las personas frente a los incumplimientos de la administraci\u00f3n p\u00fablica provincial. Supervisa el funcionamiento de las instituciones p\u00fablicas (hospitales, comisar\u00edas, Ipross, escuelas, etc.) y el de las empresas prestadoras de servicios p\u00fablicos (agua, luz, gas). Es tambi\u00e9n funci\u00f3n del organismo de control provincial brindar asesoramiento sobre cuestiones relacionadas a la defensa de los derechos de los usuarios y consumidores; discapacidad, violencias; ni\u00f1ez y adolescencia; entre otras; como as\u00ed tambi\u00e9n promover la protecci\u00f3n del medio ambiente.<\/p>\n\n\n\n<figure class=\"wp-block-image size-large\"><img fetchpriority=\"high\" decoding=\"async\" width=\"1024\" height=\"922\" src=\"https:\/\/defensoriarionegro.gov.ar\/drn\/wp-content\/uploads\/2024\/10\/Atencion-Zona-Andina-1024x922.png\" alt=\"\" class=\"wp-image-10970\" srcset=\"https:\/\/defensoriarionegro.gov.ar\/drn\/wp-content\/uploads\/2024\/10\/Atencion-Zona-Andina-1024x922.png 1024w, https:\/\/defensoriarionegro.gov.ar\/drn\/wp-content\/uploads\/2024\/10\/Atencion-Zona-Andina-300x270.png 300w, https:\/\/defensoriarionegro.gov.ar\/drn\/wp-content\/uploads\/2024\/10\/Atencion-Zona-Andina-768x691.png 768w, https:\/\/defensoriarionegro.gov.ar\/drn\/wp-content\/uploads\/2024\/10\/Atencion-Zona-Andina.png 1080w\" sizes=\"(max-width: 1024px) 100vw, 1024px\" \/><\/figure>\n\n\n\n<p><strong>Cronograma de atenci\u00f3n<\/strong><\/p>\n\n\n\n<p><strong>Martes 22<\/strong><\/p>\n\n\n\n<ul class=\"wp-block-list\"><li>Paso Flores<\/li><\/ul>\n\n\n\n<p>Horario: 10 a 11<\/p>\n\n\n\n<p>Lugar: Comisi\u00f3n de Fomento<\/p>\n\n\n\n<ul class=\"wp-block-list\"><li>Villa LLanqu\u00edn<\/li><\/ul>\n\n\n\n<p>Horario: 12 a 13.30<\/p>\n\n\n\n<p>Lugar: Comisi\u00f3n de Fomento<\/p>\n\n\n\n<p><strong>Mi\u00e9rcoles 23<\/strong><\/p>\n\n\n\n<ul class=\"wp-block-list\"><li>Villa Mascardi<\/li><\/ul>\n\n\n\n<p>Horario: 9 a 10<\/p>\n\n\n\n<p>Lugar: Comisi\u00f3n de Fomento<\/p>\n\n\n\n<ul class=\"wp-block-list\"><li>El Manso<\/li><\/ul>\n\n\n\n<p>Horario: 11 a 12<\/p>\n\n\n\n<p>Lugar: Comisi\u00f3n de Fomento<\/p>\n\n\n\n<ul class=\"wp-block-list\"><li>R\u00edo Villegas<\/li><\/ul>\n\n\n\n<p>Horario: 12.30 a 13.30<\/p>\n\n\n\n<p>Lugar: Juzgado de Paz<\/p>\n\n\n\n<p><strong>Jueves 24<\/strong><\/p>\n\n\n\n<ul class=\"wp-block-list\"><li>\u00d1orquinco<\/li><\/ul>\n\n\n\n<p>Horario: 9 a 10<\/p>\n\n\n\n<p>Lugar: Municipio<\/p>\n\n\n\n<ul class=\"wp-block-list\"><li>R\u00edo Chico<\/li><\/ul>\n\n\n\n<p>Horario:11 a 12.30<\/p>\n\n\n\n<p>Lugar: Juzgado de Paz<\/p>\n\n\n\n<ul class=\"wp-block-list\"><li>Mamuel Choique<\/li><\/ul>\n\n\n\n<p>Horario: 13 a 14<\/p>\n\n\n\n<p>Lugar: Comisi\u00f3n de Fomento<\/p>\n","protected":false},"excerpt":{"rendered":"<p>16 de octubre de 2024- Los d\u00edas 22, 23 y 24 de octubre la Defensor\u00eda del Pueblo atender\u00e1 reclamos y brindar\u00e1 asesoramiento en las localidades andinas de Paso Flores, Villa LLanqu\u00edn,Villa Mascardi, El Manso, R\u00edo Villegas,\u00d1orquinco, R\u00efo Chico y Mamuel Choique. Adem\u00e1s, agentes del organismo recorrer\u00e1n las salas de primeros auxilios y destacamentos policiales correspondientes [&hellip;]<\/p>\n","protected":false},"author":2,"featured_media":10971,"comment_status":"closed","ping_status":"open","sticky":false,"template":"","format":"standard","meta":{"_jetpack_memberships_contains_paid_content":false,"footnotes":""},"categories":[49],"tags":[6],"class_list":["post-10969","post","type-post","status-publish","format-standard","has-post-thumbnail","hentry","category-noticias","tag-atencion-de-reclamos"],"jetpack_featured_media_url":"https:\/\/defensoriarionegro.gov.ar\/drn\/wp-content\/uploads\/2024\/10\/web.jpeg","jetpack_sharing_enabled":true,"_links":{"self":[{"href":"https:\/\/defensoriarionegro.gov.ar\/drn\/wp-json\/wp\/v2\/posts\/10969","targetHints":{"allow":["GET"]}}],"collection":[{"href":"https:\/\/defensoriarionegro.gov.ar\/drn\/wp-json\/wp\/v2\/posts"}],"about":[{"href":"https:\/\/defensoriarionegro.gov.ar\/drn\/wp-json\/wp\/v2\/types\/post"}],"author":[{"embeddable":true,"href":"https:\/\/defensoriarionegro.gov.ar\/drn\/wp-json\/wp\/v2\/users\/2"}],"replies":[{"embeddable":true,"href":"https:\/\/defensoriarionegro.gov.ar\/drn\/wp-json\/wp\/v2\/comments?post=10969"}],"version-history":[{"count":1,"href":"https:\/\/defensoriarionegro.gov.ar\/drn\/wp-json\/wp\/v2\/posts\/10969\/revisions"}],"predecessor-version":[{"id":12152,"href":"https:\/\/defensoriarionegro.gov.ar\/drn\/wp-json\/wp\/v2\/posts\/10969\/revisions\/12152"}],"wp:featuredmedia":[{"embeddable":true,"href":"https:\/\/defensoriarionegro.gov.ar\/drn\/wp-json\/wp\/v2\/media\/10971"}],"wp:attachment":[{"href":"https:\/\/defensoriarionegro.gov.ar\/drn\/wp-json\/wp\/v2\/media?parent=10969"}],"wp:term":[{"taxonomy":"category","embeddable":true,"href":"https:\/\/defensoriarionegro.gov.ar\/drn\/wp-json\/wp\/v2\/categories?post=10969"},{"taxonomy":"post_tag","embeddable":true,"href":"https:\/\/defensoriarionegro.gov.ar\/drn\/wp-json\/wp\/v2\/tags?post=10969"}],"curies":[{"name":"wp","href":"https:\/\/api.w.org\/{rel}","templated":true}]}}