{"id":11093,"date":"2024-12-04T13:16:50","date_gmt":"2024-12-04T16:16:50","guid":{"rendered":"https:\/\/defensoriarionegro.gov.ar\/drn\/?p=11093"},"modified":"2025-08-29T11:05:41","modified_gmt":"2025-08-29T14:05:41","slug":"audiencia-publica-por-el-proyecto-de-instalacion-de-un-buque-de-gnl-en-rio-negro","status":"publish","type":"post","link":"https:\/\/defensoriarionegro.gov.ar\/drn\/audiencia-publica-por-el-proyecto-de-instalacion-de-un-buque-de-gnl-en-rio-negro\/","title":{"rendered":"Audiencia p\u00fablica por el proyecto de instalaci\u00f3n de un buque de GNL en R\u00edo Negro."},"content":{"rendered":"\t\t<div data-elementor-type=\"wp-post\" data-elementor-id=\"11093\" class=\"elementor elementor-11093\" data-elementor-post-type=\"post\">\n\t\t\t\t\t\t<section class=\"elementor-section elementor-top-section elementor-element elementor-element-4a24406e elementor-section-boxed elementor-section-height-default elementor-section-height-default\" data-id=\"4a24406e\" data-element_type=\"section\" data-e-type=\"section\">\n\t\t\t\t\t\t<div class=\"elementor-container elementor-column-gap-default\">\n\t\t\t\t\t<div class=\"elementor-column elementor-col-100 elementor-top-column elementor-element elementor-element-88f7b8c\" data-id=\"88f7b8c\" data-element_type=\"column\" data-e-type=\"column\">\n\t\t\t<div class=\"elementor-widget-wrap elementor-element-populated\">\n\t\t\t\t\t\t<div class=\"elementor-element elementor-element-c8886c8 elementor-widget elementor-widget-text-editor\" data-id=\"c8886c8\" data-element_type=\"widget\" data-e-type=\"widget\" data-widget_type=\"text-editor.default\">\n\t\t\t\t\t\t\t\t\t<p><\/p>\n<p>4 de diciembre de 2024- La Defensor\u00eda del Pueblo particip\u00f3 como expositora en la audiencia p\u00fablica donde se debate el proyecto de instalaci\u00f3n de un buque de GNL en R\u00edo Negro.<\/p>\n<p><\/p>\n<p><\/p>\n<p>En esta instancia de participaci\u00f3n p\u00fablica que se lleva adelante en el gimnasio municipal de San Antonio Este, se aborda el Estudio de Impacto Ambiental del proyecto de instalaci\u00f3n de una unidad flotante de licuefacci\u00f3n de gas natural (FLNG) en el Golfo San Mat\u00edas, a unos 40 kil\u00f3metros de Las Grutas.<\/p>\n<p><\/p>\n<p><\/p>\n<figure class=\"wp-block-gallery columns-3 is-cropped wp-block-gallery-2 is-layout-flex wp-block-gallery-is-layout-flex\">\n<ul class=\"blocks-gallery-grid\">\n<li class=\"blocks-gallery-item\">\n<figure><img fetchpriority=\"high\" decoding=\"async\" width=\"1024\" height=\"473\" class=\"wp-image-11110\" src=\"https:\/\/defensoriarionegro.gov.ar\/drnwp-content\/uploads\/2024\/12\/1-2-1024x473.jpeg\" alt=\"\" data-id=\"11110\" data-full-url=\"https:\/\/defensoriarionegro.gov.ar\/drnwp-content\/uploads\/2024\/12\/1-2.jpeg\" data-link=\"https:\/\/defensoriarionegro.gov.ar\/drnaudiencia-publica-por-el-proyecto-de-instalacion-de-un-buque-de-gnl-en-rio-negro\/1-2-3\/\" srcset=\"https:\/\/defensoriarionegro.gov.ar\/drn\/wp-content\/uploads\/2024\/12\/1-2-1024x473.jpeg 1024w, https:\/\/defensoriarionegro.gov.ar\/drn\/wp-content\/uploads\/2024\/12\/1-2-300x139.jpeg 300w, https:\/\/defensoriarionegro.gov.ar\/drn\/wp-content\/uploads\/2024\/12\/1-2-768x355.jpeg 768w, https:\/\/defensoriarionegro.gov.ar\/drn\/wp-content\/uploads\/2024\/12\/1-2-1536x709.jpeg 1536w, https:\/\/defensoriarionegro.gov.ar\/drn\/wp-content\/uploads\/2024\/12\/1-2.jpeg 1600w\" sizes=\"(max-width: 1024px) 100vw, 1024px\" \/><\/figure>\n<\/li>\n<li class=\"blocks-gallery-item\">\n<figure><br><\/figure>\n<\/li>\n<li class=\"blocks-gallery-item\">\n<\/li>\n<\/ul>\n<\/figure>\n<p>La audiencia inici\u00f3 con una exposici\u00f3n de las autoridades locales y provinciales. Luego, fue el turno de los representantes de la empresa, sociedad de Pan American Energy (PAE), Golar LNG, Pampa Energ\u00eda y Harbour Energy. La consultora ambiental describi\u00f3 los aspectos t\u00e9cnicos y ambientales en una hora de exposici\u00f3n.<\/p>\n<p><\/p>\n<p><\/p>\n<p>Los expertos invitados que hablaron del proyecto pertenecen a la Prefectura Naval Argentina, INVAP, la Universidad Nacional de R\u00edo Negro (UNRN) y el Instituto Argentino del Petr\u00f3leo y Gas (IAPG). Adem\u00e1s, participaron funcionarios, legisladores, sindicatos y c\u00e1maras.<\/p>\n<p><\/p>\n<p><\/p>\n<p>Inmediatamente despu\u00e9s fue el turno de la Defensor\u00eda del Pueblo, a trav\u00e9s de la representaci\u00f3n del defensor adjunto. Alvaro Larreguy.<br>\u201cEn concordancia con nuestra postura hist\u00f3rica, reafirmamos que m\u00e1s all\u00e1 de sus aspectos t\u00e9cnicos y econ\u00f3micos, este proyecto debe evaluarse bajo una perspectiva integral que considere tanto la prevenci\u00f3n de da\u00f1os ambientales como el aprovechamiento de sus potenciales beneficios para el desarrollo local y regional. Este enfoque requiere no s\u00f3lo de la prevenci\u00f3n y eventual mitigaci\u00f3n de los posibles impactos negativos, sino tambi\u00e9n garantizar que las comunidades afectadas y la Provincia sean participantes activos y beneficiarios del desarrollo generado\u201d, comenz\u00f3 diciendo Larreguy.<\/p>\n<p><\/p>\n<p><\/p>\n<p>Y continu\u00f3 remarcando que \u201cello requiere que la planificaci\u00f3n e implementaci\u00f3n del proyecto no se limite a los aspectos t\u00e9cnicos y econ\u00f3micos, sino que centre su enfoque en los derechos humanos y sea un medio para su concreci\u00f3n, conforme a est\u00e1ndares nacionales e internacionales\u201d.<\/p>\n<p><\/p>\n<p><\/p>\n<p>Acced\u00e9 al documento completo que contiene la exposici\u00f3n.<\/p>\n<p><\/p>\n<p><\/p>\n<figure class=\"wp-block-image size-full is-resized\"><img decoding=\"async\" class=\"wp-image-2581\" src=\"https:\/\/defensoriarionegro.gov.ar\/drnwp-content\/uploads\/2018\/08\/pdf-icono.png\" alt=\"\" width=\"28\" height=\"28\"><p><\/p>\n<figcaption><a href=\"https:\/\/defensoriarionegro.gov.ar\/drnwp-content\/uploads\/2024\/12\/Audiencia-Publica-4-de-dic.-2024-GNL-1.pdf\" target=\"_blank\" rel=\"noreferrer noopener\"><span class=\"has-inline-color has-vivid-cyan-blue-color\">Audiencia-Publica-4-de-dic.-2024-GNL<\/span><\/a><\/figcaption>\n<\/figure>\n<p><\/p>\n<p><\/p>\n<p><br><\/p>\n<p><\/p>\n<p><\/p>\n<ul class=\"wp-block-social-links is-layout-flex wp-block-social-links-is-layout-flex\">\n<li style=\"list-style-type: none;\">\n<ul class=\"wp-block-social-links\"><li class=\"wp-social-link wp-social-link-facebook  wp-block-social-link\"><a href=\"https:\/\/www.facebook.com\/DPRioNegro\" class=\"wp-block-social-link-anchor\"><svg width=\"24\" height=\"24\" viewBox=\"0 0 24 24\" version=\"1.1\" xmlns=\"http:\/\/www.w3.org\/2000\/svg\" aria-hidden=\"true\" focusable=\"false\"><path d=\"M12 2C6.5 2 2 6.5 2 12c0 5 3.7 9.1 8.4 9.9v-7H7.9V12h2.5V9.8c0-2.5 1.5-3.9 3.8-3.9 1.1 0 2.2.2 2.2.2v2.5h-1.3c-1.2 0-1.6.8-1.6 1.6V12h2.8l-.4 2.9h-2.3v7C18.3 21.1 22 17 22 12c0-5.5-4.5-10-10-10z\"><\/path><\/svg><span class=\"wp-block-social-link-label screen-reader-text\">Facebook<\/span><\/a><\/li><\/ul>\n<\/li>\n<\/ul>\n<p><li class=\"wp-social-link wp-social-link-instagram  wp-block-social-link\"><a href=\"https:\/\/www.instagram.com\/defensoriarn\/\" class=\"wp-block-social-link-anchor\"><svg width=\"24\" height=\"24\" viewBox=\"0 0 24 24\" version=\"1.1\" xmlns=\"http:\/\/www.w3.org\/2000\/svg\" aria-hidden=\"true\" focusable=\"false\"><path d=\"M12,4.622c2.403,0,2.688,0.009,3.637,0.052c0.877,0.04,1.354,0.187,1.671,0.31c0.42,0.163,0.72,0.358,1.035,0.673 c0.315,0.315,0.51,0.615,0.673,1.035c0.123,0.317,0.27,0.794,0.31,1.671c0.043,0.949,0.052,1.234,0.052,3.637 s-0.009,2.688-0.052,3.637c-0.04,0.877-0.187,1.354-0.31,1.671c-0.163,0.42-0.358,0.72-0.673,1.035 c-0.315,0.315-0.615,0.51-1.035,0.673c-0.317,0.123-0.794,0.27-1.671,0.31c-0.949,0.043-1.233,0.052-3.637,0.052 s-2.688-0.009-3.637-0.052c-0.877-0.04-1.354-0.187-1.671-0.31c-0.42-0.163-0.72-0.358-1.035-0.673 c-0.315-0.315-0.51-0.615-0.673-1.035c-0.123-0.317-0.27-0.794-0.31-1.671C4.631,14.688,4.622,14.403,4.622,12 s0.009-2.688,0.052-3.637c0.04-0.877,0.187-1.354,0.31-1.671c0.163-0.42,0.358-0.72,0.673-1.035 c0.315-0.315,0.615-0.51,1.035-0.673c0.317-0.123,0.794-0.27,1.671-0.31C9.312,4.631,9.597,4.622,12,4.622 M12,3 C9.556,3,9.249,3.01,8.289,3.054C7.331,3.098,6.677,3.25,6.105,3.472C5.513,3.702,5.011,4.01,4.511,4.511 c-0.5,0.5-0.808,1.002-1.038,1.594C3.25,6.677,3.098,7.331,3.054,8.289C3.01,9.249,3,9.556,3,12c0,2.444,0.01,2.751,0.054,3.711 c0.044,0.958,0.196,1.612,0.418,2.185c0.23,0.592,0.538,1.094,1.038,1.594c0.5,0.5,1.002,0.808,1.594,1.038 c0.572,0.222,1.227,0.375,2.185,0.418C9.249,20.99,9.556,21,12,21s2.751-0.01,3.711-0.054c0.958-0.044,1.612-0.196,2.185-0.418 c0.592-0.23,1.094-0.538,1.594-1.038c0.5-0.5,0.808-1.002,1.038-1.594c0.222-0.572,0.375-1.227,0.418-2.185 C20.99,14.751,21,14.444,21,12s-0.01-2.751-0.054-3.711c-0.044-0.958-0.196-1.612-0.418-2.185c-0.23-0.592-0.538-1.094-1.038-1.594 c-0.5-0.5-1.002-0.808-1.594-1.038c-0.572-0.222-1.227-0.375-2.185-0.418C14.751,3.01,14.444,3,12,3L12,3z M12,7.378 c-2.552,0-4.622,2.069-4.622,4.622S9.448,16.622,12,16.622s4.622-2.069,4.622-4.622S14.552,7.378,12,7.378z M12,15 c-1.657,0-3-1.343-3-3s1.343-3,3-3s3,1.343,3,3S13.657,15,12,15z M16.804,6.116c-0.596,0-1.08,0.484-1.08,1.08 s0.484,1.08,1.08,1.08c0.596,0,1.08-0.484,1.08-1.08S17.401,6.116,16.804,6.116z\"><\/path><\/svg><span class=\"wp-block-social-link-label screen-reader-text\">Instagram<\/span><\/a><\/li><\/p>\n<p><\/p>\n<p><\/p>\n<p class=\"is-layout-flex wp-block-social-links-is-layout-flex\"><\/p>\n<p><\/p>\n<p><\/p>\t\t\t\t\t\t\t\t<\/div>\n\t\t\t\t\t<\/div>\n\t\t<\/div>\n\t\t\t\t\t<\/div>\n\t\t<\/section>\n\t\t\t\t<\/div>\n\t\t","protected":false},"excerpt":{"rendered":"<p>4 de diciembre de 2024- La Defensor\u00eda del Pueblo particip\u00f3 como expositora en la audiencia p\u00fablica donde se debate el proyecto de instalaci\u00f3n de un buque de GNL en R\u00edo Negro. En esta instancia de participaci\u00f3n p\u00fablica que se lleva adelante en el gimnasio municipal de San Antonio Este, se aborda el Estudio de Impacto [&hellip;]<\/p>\n","protected":false},"author":2,"featured_media":11195,"comment_status":"closed","ping_status":"open","sticky":false,"template":"","format":"standard","meta":{"_jetpack_memberships_contains_paid_content":false,"footnotes":""},"categories":[49],"tags":[21],"class_list":["post-11093","post","type-post","status-publish","format-standard","has-post-thumbnail","hentry","category-noticias","tag-ambiente-y-desarrollo-sostenible"],"jetpack_featured_media_url":"https:\/\/defensoriarionegro.gov.ar\/drn\/wp-content\/uploads\/2024\/12\/Audiencia-Gas.jpeg","jetpack_sharing_enabled":true,"_links":{"self":[{"href":"https:\/\/defensoriarionegro.gov.ar\/drn\/wp-json\/wp\/v2\/posts\/11093","targetHints":{"allow":["GET"]}}],"collection":[{"href":"https:\/\/defensoriarionegro.gov.ar\/drn\/wp-json\/wp\/v2\/posts"}],"about":[{"href":"https:\/\/defensoriarionegro.gov.ar\/drn\/wp-json\/wp\/v2\/types\/post"}],"author":[{"embeddable":true,"href":"https:\/\/defensoriarionegro.gov.ar\/drn\/wp-json\/wp\/v2\/users\/2"}],"replies":[{"embeddable":true,"href":"https:\/\/defensoriarionegro.gov.ar\/drn\/wp-json\/wp\/v2\/comments?post=11093"}],"version-history":[{"count":1,"href":"https:\/\/defensoriarionegro.gov.ar\/drn\/wp-json\/wp\/v2\/posts\/11093\/revisions"}],"predecessor-version":[{"id":12142,"href":"https:\/\/defensoriarionegro.gov.ar\/drn\/wp-json\/wp\/v2\/posts\/11093\/revisions\/12142"}],"wp:featuredmedia":[{"embeddable":true,"href":"https:\/\/defensoriarionegro.gov.ar\/drn\/wp-json\/wp\/v2\/media\/11195"}],"wp:attachment":[{"href":"https:\/\/defensoriarionegro.gov.ar\/drn\/wp-json\/wp\/v2\/media?parent=11093"}],"wp:term":[{"taxonomy":"category","embeddable":true,"href":"https:\/\/defensoriarionegro.gov.ar\/drn\/wp-json\/wp\/v2\/categories?post=11093"},{"taxonomy":"post_tag","embeddable":true,"href":"https:\/\/defensoriarionegro.gov.ar\/drn\/wp-json\/wp\/v2\/tags?post=11093"}],"curies":[{"name":"wp","href":"https:\/\/api.w.org\/{rel}","templated":true}]}}