{"id":11447,"date":"2025-02-19T12:41:17","date_gmt":"2025-02-19T15:41:17","guid":{"rendered":"https:\/\/defensoriarionegro.gov.ar\/drn\/?p=11447"},"modified":"2025-08-29T10:56:02","modified_gmt":"2025-08-29T13:56:02","slug":"prestigiosa-universidad-de-italia-interesada-en-el-trabajo-de-la-defensoria-del-pueblo-de-rio-negro","status":"publish","type":"post","link":"https:\/\/defensoriarionegro.gov.ar\/drn\/prestigiosa-universidad-de-italia-interesada-en-el-trabajo-de-la-defensoria-del-pueblo-de-rio-negro\/","title":{"rendered":"Prestigiosa universidad de Italia interesada en el trabajo de la Defensor\u00eda del Pueblo de R\u00edo Negro."},"content":{"rendered":"\n<p>19 de febrero de 2025- Investigadores de la Universidad Bocconi de Mil\u00e1n, clasificada como la mejor casa de altos estudios de Italia en el campo de la econom\u00eda y el derecho, entrevistaron a la defensora del pueblo, Adriana Santagati, en el marco de un trabajo que tiene como fin conocer c\u00f3mo las Defensor\u00edas del Pueblo, en conjunto con otras instituciones, desarrollan sus tareas en miras de transformar las quejas ciudadanas en mejoras en los servicios p\u00fablicos y las pol\u00edticas.<\/p>\n\n\n\n<p>En oportunidad de la entrevista, realizada hoy a trav\u00e9s de la plataforma Zoom, Santagati se refiri\u00f3 a las estrategias de trabajo que se emplean para lograr los mejores resultados, los factores que influyen en sus decisiones y las dificultades que se deben afrontar en este proceso.<\/p>\n\n\n\n<p>\u00abLa gesti\u00f3n de un organismo con amplias competencias, como la Defensor\u00eda del Pueblo, en un territorio extenso, diverso y con una distribuci\u00f3n poblacional desigual, en una sociedad donde la \u00fanica constante es el cambio, plantea el desaf\u00edo de desarrollar pol\u00edticas que impacten en una Administraci\u00f3n P\u00fablica con dificultades para adaptarse a la modernizaci\u00f3n que exigen los tiempos actuales\u201d, expres\u00f3 la defensora del pueblo.<\/p>\n\n\n\n<p>Durante la entrevista, Juan Pablo Ripamonti, doctor en Filosof\u00eda, en Pol\u00edticas P\u00fablicas y Administraci\u00f3n de Bocconi, mencion\u00f3 que \u201cpara esta investigaci\u00f3n planificamos entrevistar a defensores y personal de Defensor\u00edas en Italia, el Reino Unido y Argentina\u201d.<\/p>\n\n\n\n<p>Indic\u00f3, adem\u00e1s, que \u201ceste estudio lo realizamos en colaboraci\u00f3n con Mar\u00eda Cucciniello, profesora de la Universidad Bocconi, y la Dra. Rebecca Kirley, investigadora postdoctoral en la Universidad de Mil\u00e1n-Bicocca\u201d.<\/p>\n\n\n\n<p>Hac\u00e9 click en el enlace para escuchar la entrevista completa<\/p>\n\n\n\n<p><a href=\"https:\/\/drive.google.com\/file\/d\/1gSPI_-EhWFUk-RTHi-kYdA3X2Lm9HE1B\/view?usp=drive_link\" target=\"_blank\" rel=\"noreferrer noopener\"><span class=\"has-inline-color has-vivid-cyan-blue-color\">https:\/\/drive.google.com\/file\/d\/1gSPI_-EhWFUk-RTHi-kYdA3X2Lm9HE1B\/view?usp=drive_link<\/span><\/a><\/p>\n","protected":false},"excerpt":{"rendered":"<p>19 de febrero de 2025- Investigadores de la Universidad Bocconi de Mil\u00e1n, clasificada como la mejor casa de altos estudios de Italia en el campo de la econom\u00eda y el derecho, entrevistaron a la defensora del pueblo, Adriana Santagati, en el marco de un trabajo que tiene como fin conocer c\u00f3mo las Defensor\u00edas del Pueblo, [&hellip;]<\/p>\n","protected":false},"author":2,"featured_media":11448,"comment_status":"closed","ping_status":"open","sticky":false,"template":"","format":"standard","meta":{"_jetpack_memberships_contains_paid_content":false,"footnotes":""},"categories":[49],"tags":[],"class_list":["post-11447","post","type-post","status-publish","format-standard","has-post-thumbnail","hentry","category-noticias"],"jetpack_featured_media_url":"https:\/\/defensoriarionegro.gov.ar\/drn\/wp-content\/uploads\/2025\/02\/WEB-1.png","jetpack_sharing_enabled":true,"_links":{"self":[{"href":"https:\/\/defensoriarionegro.gov.ar\/drn\/wp-json\/wp\/v2\/posts\/11447","targetHints":{"allow":["GET"]}}],"collection":[{"href":"https:\/\/defensoriarionegro.gov.ar\/drn\/wp-json\/wp\/v2\/posts"}],"about":[{"href":"https:\/\/defensoriarionegro.gov.ar\/drn\/wp-json\/wp\/v2\/types\/post"}],"author":[{"embeddable":true,"href":"https:\/\/defensoriarionegro.gov.ar\/drn\/wp-json\/wp\/v2\/users\/2"}],"replies":[{"embeddable":true,"href":"https:\/\/defensoriarionegro.gov.ar\/drn\/wp-json\/wp\/v2\/comments?post=11447"}],"version-history":[{"count":1,"href":"https:\/\/defensoriarionegro.gov.ar\/drn\/wp-json\/wp\/v2\/posts\/11447\/revisions"}],"predecessor-version":[{"id":12130,"href":"https:\/\/defensoriarionegro.gov.ar\/drn\/wp-json\/wp\/v2\/posts\/11447\/revisions\/12130"}],"wp:featuredmedia":[{"embeddable":true,"href":"https:\/\/defensoriarionegro.gov.ar\/drn\/wp-json\/wp\/v2\/media\/11448"}],"wp:attachment":[{"href":"https:\/\/defensoriarionegro.gov.ar\/drn\/wp-json\/wp\/v2\/media?parent=11447"}],"wp:term":[{"taxonomy":"category","embeddable":true,"href":"https:\/\/defensoriarionegro.gov.ar\/drn\/wp-json\/wp\/v2\/categories?post=11447"},{"taxonomy":"post_tag","embeddable":true,"href":"https:\/\/defensoriarionegro.gov.ar\/drn\/wp-json\/wp\/v2\/tags?post=11447"}],"curies":[{"name":"wp","href":"https:\/\/api.w.org\/{rel}","templated":true}]}}