{"id":11482,"date":"2025-02-24T13:13:43","date_gmt":"2025-02-24T16:13:43","guid":{"rendered":"https:\/\/defensoriarionegro.gov.ar\/drn\/?p=11482"},"modified":"2025-08-29T10:55:51","modified_gmt":"2025-08-29T13:55:51","slug":"reunion-entre-la-defensoria-del-pueblo-y-el-area-de-arquitectura-escolar-de-rio-negro","status":"publish","type":"post","link":"https:\/\/defensoriarionegro.gov.ar\/drn\/reunion-entre-la-defensoria-del-pueblo-y-el-area-de-arquitectura-escolar-de-rio-negro\/","title":{"rendered":"Reuni\u00f3n entre la Defensor\u00eda del Pueblo y el \u00e1rea de Arquitectura Escolar de R\u00edo Negro"},"content":{"rendered":"\n<p>24 de febrero de 2025- Con el objetivo de presentar el informe sobre el relevamiento de edificios escolares que realiza la Defensor\u00eda del Pueblo, Santagati junto a la asesora Galv\u00e1n, mantuvo un encuentro con Gustavo Nogues, representante del \u00e1rea de Arquitectura Escolar del gobierno de R\u00edo Negro.<\/p>\n\n\n\n<p>Durante la reuni\u00f3n, se analizaron los principales problemas detectados en las instituciones educativas monitoreadas y se establecieron prioridades de intervenci\u00f3n de cara al inicio del ciclo lectivo.<\/p>\n\n\n\n<p>La Defensor\u00eda del Pueblo lleva adelante esta tarea cada a\u00f1o con el prop\u00f3sito de contribuir a la mejora de la infraestructura escolar y garantizar condiciones adecuadas para la comunidad educativa.<\/p>\n","protected":false},"excerpt":{"rendered":"<p>24 de febrero de 2025- Con el objetivo de presentar el informe sobre el relevamiento de edificios escolares que realiza la Defensor\u00eda del Pueblo, Santagati junto a la asesora Galv\u00e1n, mantuvo un encuentro con Gustavo Nogues, representante del \u00e1rea de Arquitectura Escolar del gobierno de R\u00edo Negro. Durante la reuni\u00f3n, se analizaron los principales problemas [&hellip;]<\/p>\n","protected":false},"author":2,"featured_media":11483,"comment_status":"closed","ping_status":"open","sticky":false,"template":"","format":"standard","meta":{"_jetpack_memberships_contains_paid_content":false,"footnotes":""},"categories":[49],"tags":[29],"class_list":["post-11482","post","type-post","status-publish","format-standard","has-post-thumbnail","hentry","category-noticias","tag-educacion"],"jetpack_featured_media_url":"https:\/\/defensoriarionegro.gov.ar\/drn\/wp-content\/uploads\/2025\/02\/web-scaled-e1740413698753.jpeg","jetpack_sharing_enabled":true,"_links":{"self":[{"href":"https:\/\/defensoriarionegro.gov.ar\/drn\/wp-json\/wp\/v2\/posts\/11482","targetHints":{"allow":["GET"]}}],"collection":[{"href":"https:\/\/defensoriarionegro.gov.ar\/drn\/wp-json\/wp\/v2\/posts"}],"about":[{"href":"https:\/\/defensoriarionegro.gov.ar\/drn\/wp-json\/wp\/v2\/types\/post"}],"author":[{"embeddable":true,"href":"https:\/\/defensoriarionegro.gov.ar\/drn\/wp-json\/wp\/v2\/users\/2"}],"replies":[{"embeddable":true,"href":"https:\/\/defensoriarionegro.gov.ar\/drn\/wp-json\/wp\/v2\/comments?post=11482"}],"version-history":[{"count":1,"href":"https:\/\/defensoriarionegro.gov.ar\/drn\/wp-json\/wp\/v2\/posts\/11482\/revisions"}],"predecessor-version":[{"id":12129,"href":"https:\/\/defensoriarionegro.gov.ar\/drn\/wp-json\/wp\/v2\/posts\/11482\/revisions\/12129"}],"wp:featuredmedia":[{"embeddable":true,"href":"https:\/\/defensoriarionegro.gov.ar\/drn\/wp-json\/wp\/v2\/media\/11483"}],"wp:attachment":[{"href":"https:\/\/defensoriarionegro.gov.ar\/drn\/wp-json\/wp\/v2\/media?parent=11482"}],"wp:term":[{"taxonomy":"category","embeddable":true,"href":"https:\/\/defensoriarionegro.gov.ar\/drn\/wp-json\/wp\/v2\/categories?post=11482"},{"taxonomy":"post_tag","embeddable":true,"href":"https:\/\/defensoriarionegro.gov.ar\/drn\/wp-json\/wp\/v2\/tags?post=11482"}],"curies":[{"name":"wp","href":"https:\/\/api.w.org\/{rel}","templated":true}]}}