{"id":11523,"date":"2025-03-21T09:11:51","date_gmt":"2025-03-21T12:11:51","guid":{"rendered":"https:\/\/defensoriarionegro.gov.ar\/drn\/?p=11523"},"modified":"2025-08-29T12:39:19","modified_gmt":"2025-08-29T15:39:19","slug":"memoria-en-marcha","status":"publish","type":"post","link":"https:\/\/defensoriarionegro.gov.ar\/drn\/memoria-en-marcha\/","title":{"rendered":"Memoria en marcha"},"content":{"rendered":"\n<p>Desde la Defensor\u00eda del Pueblo de R\u00edo Negro nos sumamos a la convocatoria de Abuelas de Plaza de Mayo para participar en la campa\u00f1a: \u201cLa memoria en marcha se multiplica\u201d en el marco del 24 de marzo, d\u00eda Nacional de la Memoria, por la Verdad y la Justicia.<\/p>\n\n\n\n<p>A 49 a\u00f1os del golpe militar, recordamos el pasado, conmemoramos a quienes resultaron v\u00edctimas de la \u00faltima dictadura c\u00edvico militar y decimos NUNCA M\u00c1S.<\/p>\n\n\n\n<div class=\"wp-block-columns is-layout-flex wp-container-core-columns-is-layout-28f84493 wp-block-columns-is-layout-flex\">\n<div class=\"wp-block-column is-layout-flow wp-block-column-is-layout-flow\" style=\"flex-basis:100%\">\n<div class=\"wp-block-columns is-layout-flex wp-container-core-columns-is-layout-28f84493 wp-block-columns-is-layout-flex\">\n<div class=\"wp-block-column is-layout-flow wp-block-column-is-layout-flow\" style=\"flex-basis:100%\">\n<div class=\"wp-block-columns is-layout-flex wp-container-core-columns-is-layout-28f84493 wp-block-columns-is-layout-flex\">\n<div class=\"wp-block-column is-layout-flow wp-block-column-is-layout-flow\" style=\"flex-basis:100%\">\n<figure class=\"wp-block-gallery columns-2 is-cropped wp-block-gallery-1 is-layout-flex wp-block-gallery-is-layout-flex\"><ul class=\"blocks-gallery-grid\"><li class=\"blocks-gallery-item\"><figure><img fetchpriority=\"high\" decoding=\"async\" width=\"395\" height=\"301\" src=\"https:\/\/defensoriarionegro.gov.ar\/drn\/wp-content\/uploads\/2025\/03\/Delegacion-cipo-1.jpg\" alt=\"\" data-id=\"11532\" data-full-url=\"https:\/\/defensoriarionegro.gov.ar\/drn\/wp-content\/uploads\/2025\/03\/Delegacion-cipo-1.jpg\" data-link=\"https:\/\/defensoriarionegro.gov.ar\/drn\/memoria-en-marcha\/delegacion-cipo-1\/\" class=\"wp-image-11532\" srcset=\"https:\/\/defensoriarionegro.gov.ar\/drn\/wp-content\/uploads\/2025\/03\/Delegacion-cipo-1.jpg 395w, https:\/\/defensoriarionegro.gov.ar\/drn\/wp-content\/uploads\/2025\/03\/Delegacion-cipo-1-300x229.jpg 300w\" sizes=\"(max-width: 395px) 100vw, 395px\" \/><\/figure><\/li><li class=\"blocks-gallery-item\"><figure><img decoding=\"async\" width=\"395\" height=\"301\" src=\"https:\/\/defensoriarionegro.gov.ar\/drn\/wp-content\/uploads\/2025\/03\/Delegacion-cipolletti.jpg\" alt=\"\" data-id=\"11533\" data-full-url=\"https:\/\/defensoriarionegro.gov.ar\/drn\/wp-content\/uploads\/2025\/03\/Delegacion-cipolletti.jpg\" data-link=\"https:\/\/defensoriarionegro.gov.ar\/drn\/memoria-en-marcha\/delegacion-cipolletti-2\/\" class=\"wp-image-11533\" srcset=\"https:\/\/defensoriarionegro.gov.ar\/drn\/wp-content\/uploads\/2025\/03\/Delegacion-cipolletti.jpg 395w, https:\/\/defensoriarionegro.gov.ar\/drn\/wp-content\/uploads\/2025\/03\/Delegacion-cipolletti-300x229.jpg 300w\" sizes=\"(max-width: 395px) 100vw, 395px\" \/><\/figure><\/li><\/ul><\/figure>\n<\/div>\n<\/div>\n<\/div>\n<\/div>\n<\/div>\n<\/div>\n","protected":false},"excerpt":{"rendered":"<p>Desde la Defensor\u00eda del Pueblo de R\u00edo Negro nos sumamos a la convocatoria de Abuelas de Plaza de Mayo para participar en la campa\u00f1a: \u201cLa memoria en marcha se multiplica\u201d en el marco del 24 de marzo, d\u00eda Nacional de la Memoria, por la Verdad y la Justicia. A 49 a\u00f1os del golpe militar, recordamos [&hellip;]<\/p>\n","protected":false},"author":2,"featured_media":11528,"comment_status":"closed","ping_status":"open","sticky":false,"template":"","format":"standard","meta":{"_jetpack_memberships_contains_paid_content":false,"footnotes":""},"categories":[49],"tags":[224],"class_list":["post-11523","post","type-post","status-publish","format-standard","has-post-thumbnail","hentry","category-noticias","tag-memoria"],"jetpack_featured_media_url":"https:\/\/defensoriarionegro.gov.ar\/drn\/wp-content\/uploads\/2025\/03\/memoria-en-marcha-1-scaled-1.jpg","jetpack_sharing_enabled":true,"_links":{"self":[{"href":"https:\/\/defensoriarionegro.gov.ar\/drn\/wp-json\/wp\/v2\/posts\/11523","targetHints":{"allow":["GET"]}}],"collection":[{"href":"https:\/\/defensoriarionegro.gov.ar\/drn\/wp-json\/wp\/v2\/posts"}],"about":[{"href":"https:\/\/defensoriarionegro.gov.ar\/drn\/wp-json\/wp\/v2\/types\/post"}],"author":[{"embeddable":true,"href":"https:\/\/defensoriarionegro.gov.ar\/drn\/wp-json\/wp\/v2\/users\/2"}],"replies":[{"embeddable":true,"href":"https:\/\/defensoriarionegro.gov.ar\/drn\/wp-json\/wp\/v2\/comments?post=11523"}],"version-history":[{"count":1,"href":"https:\/\/defensoriarionegro.gov.ar\/drn\/wp-json\/wp\/v2\/posts\/11523\/revisions"}],"predecessor-version":[{"id":12126,"href":"https:\/\/defensoriarionegro.gov.ar\/drn\/wp-json\/wp\/v2\/posts\/11523\/revisions\/12126"}],"wp:featuredmedia":[{"embeddable":true,"href":"https:\/\/defensoriarionegro.gov.ar\/drn\/wp-json\/wp\/v2\/media\/11528"}],"wp:attachment":[{"href":"https:\/\/defensoriarionegro.gov.ar\/drn\/wp-json\/wp\/v2\/media?parent=11523"}],"wp:term":[{"taxonomy":"category","embeddable":true,"href":"https:\/\/defensoriarionegro.gov.ar\/drn\/wp-json\/wp\/v2\/categories?post=11523"},{"taxonomy":"post_tag","embeddable":true,"href":"https:\/\/defensoriarionegro.gov.ar\/drn\/wp-json\/wp\/v2\/tags?post=11523"}],"curies":[{"name":"wp","href":"https:\/\/api.w.org\/{rel}","templated":true}]}}