{"id":11542,"date":"2025-03-26T12:00:19","date_gmt":"2025-03-26T15:00:19","guid":{"rendered":"https:\/\/defensoriarionegro.gov.ar\/drn\/?p=11542"},"modified":"2025-08-29T11:34:58","modified_gmt":"2025-08-29T14:34:58","slug":"organo-de-revision-de-salud-mental-se-llevo-a-cabo-la-primera-reunion-plenaria-del-ano","status":"publish","type":"post","link":"https:\/\/defensoriarionegro.gov.ar\/drn\/organo-de-revision-de-salud-mental-se-llevo-a-cabo-la-primera-reunion-plenaria-del-ano\/","title":{"rendered":"\u00d3rgano de Revisi\u00f3n de Salud Mental: se llev\u00f3 a cabo la primera reuni\u00f3n plenaria del a\u00f1o."},"content":{"rendered":"\n<p>26 de marzo del 2025- En la oportunidad, se present\u00f3 el informe de gesti\u00f3n de la Secretar\u00eda Ejecutiva del \u00d3rgano de Revisi\u00f3n de Salud Mental,&nbsp;correspondiente al per\u00edodo comprendido entre noviembre del 2023 y octubre del 2024,<\/p>\n\n\n\n<p>Entre otras cuestiones, se expuso el proceso de cierre de la instituci\u00f3n monovalente Valle Sereno; los monitoreos realizados en instituciones de salud mental; las intervenciones del \u00d3rgano durante ese per\u00edodo y las recomendaciones realizadas, haciendo \u00e9nfasis en el abordaje de la salud mental de los ni\u00f1os\/as, adolescentes y j\u00f3venes.<\/p>\n\n\n\n<p>Como conclusiones se expuso la necesidad de trabajar en dispositivos intermedios, coordinar acciones con el Poder Judicial, reforzar la creaci\u00f3n de herramientas digitales y la necesidad de la coordinaci\u00f3n interinstitucional con distintos poderes del Estado.&nbsp;<\/p>\n\n\n\n<p>Participaron del encuentro, la defensora del pueblo de la Provincia de R\u00edo Negro y presidenta del Plenario, Adriana Santagati; la secretaria ejecutiva del \u00d3rgano de Revisi\u00f3n, Antonella Mirenghi; representantes de la Asociaci\u00f3n Civil de Usuarios, Familiares y Amigos (A.C.U.F.A.) de la ciudad de Bariloche; la Asociaci\u00f3n de Acompa\u00f1antes Terap\u00e9uticos Unidos (AATUA); la Secretaria de Derechos Humanos de la Provincia de R\u00edo Negro y la Coordinaci\u00f3n de Salud Mental y Adicciones de R\u00edo Negro.<\/p>\n\n\n\n<p>Acced\u00e9 al informe de gesti\u00f3n completo ingresando en<a href=\"  https:\/\/defensoriarionegro.gov.ar\/drn\/wp-content\/uploads\/2025\/02\/Informe-DPRN-2023-2024.pdf\"> <\/a><a href=\"https:\/\/defensoriarionegro.gov.ar\/drn\/wp-content\/uploads\/2025\/02\/Informe-DPRN-2023-2024.pdf\" target=\"_blank\" rel=\"noreferrer noopener\"> https:\/\/defensoriarionegro.gov.ar\/drn\/wp-content\/uploads\/2025\/02\/Informe-DPRN-2023-2024.pdf<\/a><\/p>\n\n\n\n<p><\/p>\n\n\n\n<p><\/p>\n","protected":false},"excerpt":{"rendered":"<p>26 de marzo del 2025- En la oportunidad, se present\u00f3 el informe de gesti\u00f3n de la Secretar\u00eda Ejecutiva del \u00d3rgano de Revisi\u00f3n de Salud Mental,&nbsp;correspondiente al per\u00edodo comprendido entre noviembre del 2023 y octubre del 2024, Entre otras cuestiones, se expuso el proceso de cierre de la instituci\u00f3n monovalente Valle Sereno; los monitoreos realizados en [&hellip;]<\/p>\n","protected":false},"author":2,"featured_media":11543,"comment_status":"closed","ping_status":"open","sticky":false,"template":"","format":"standard","meta":{"_jetpack_memberships_contains_paid_content":false,"footnotes":""},"categories":[49],"tags":[22],"class_list":["post-11542","post","type-post","status-publish","format-standard","has-post-thumbnail","hentry","category-noticias","tag-salud-mental"],"jetpack_featured_media_url":"https:\/\/defensoriarionegro.gov.ar\/drn\/wp-content\/uploads\/2025\/03\/3-scaled-e1743001504149.jpeg","jetpack_sharing_enabled":true,"_links":{"self":[{"href":"https:\/\/defensoriarionegro.gov.ar\/drn\/wp-json\/wp\/v2\/posts\/11542","targetHints":{"allow":["GET"]}}],"collection":[{"href":"https:\/\/defensoriarionegro.gov.ar\/drn\/wp-json\/wp\/v2\/posts"}],"about":[{"href":"https:\/\/defensoriarionegro.gov.ar\/drn\/wp-json\/wp\/v2\/types\/post"}],"author":[{"embeddable":true,"href":"https:\/\/defensoriarionegro.gov.ar\/drn\/wp-json\/wp\/v2\/users\/2"}],"replies":[{"embeddable":true,"href":"https:\/\/defensoriarionegro.gov.ar\/drn\/wp-json\/wp\/v2\/comments?post=11542"}],"version-history":[{"count":1,"href":"https:\/\/defensoriarionegro.gov.ar\/drn\/wp-json\/wp\/v2\/posts\/11542\/revisions"}],"predecessor-version":[{"id":12124,"href":"https:\/\/defensoriarionegro.gov.ar\/drn\/wp-json\/wp\/v2\/posts\/11542\/revisions\/12124"}],"wp:featuredmedia":[{"embeddable":true,"href":"https:\/\/defensoriarionegro.gov.ar\/drn\/wp-json\/wp\/v2\/media\/11543"}],"wp:attachment":[{"href":"https:\/\/defensoriarionegro.gov.ar\/drn\/wp-json\/wp\/v2\/media?parent=11542"}],"wp:term":[{"taxonomy":"category","embeddable":true,"href":"https:\/\/defensoriarionegro.gov.ar\/drn\/wp-json\/wp\/v2\/categories?post=11542"},{"taxonomy":"post_tag","embeddable":true,"href":"https:\/\/defensoriarionegro.gov.ar\/drn\/wp-json\/wp\/v2\/tags?post=11542"}],"curies":[{"name":"wp","href":"https:\/\/api.w.org\/{rel}","templated":true}]}}