{"id":11618,"date":"2025-05-13T09:55:42","date_gmt":"2025-05-13T12:55:42","guid":{"rendered":"https:\/\/defensoriarionegro.gov.ar\/drn\/?p=11618"},"modified":"2025-08-29T10:26:20","modified_gmt":"2025-08-29T13:26:20","slug":"el-organo-de-revision-de-salud-mental-participo-de-un-conversatorio-con-residentes-en-salud-mental-comunitaria","status":"publish","type":"post","link":"https:\/\/defensoriarionegro.gov.ar\/drn\/el-organo-de-revision-de-salud-mental-participo-de-un-conversatorio-con-residentes-en-salud-mental-comunitaria\/","title":{"rendered":"El \u00d3rgano de Revisi\u00f3n de Salud Mental particip\u00f3 de un conversatorio con residentes en Salud Mental Comunitaria"},"content":{"rendered":"\n<p>13 de mayo 2025- Desde la Defensor\u00eda del Pueblo de R\u00edo Negro, el \u00d3rgano de Revisi\u00f3n de Salud Mental (ORSM) llev\u00f3 adelante un conversatorio organizado en conjunto con el \u00c1rea de Residencia de la Coordinaci\u00f3n Provincial de Salud Mental Comunitaria y Consumos Problem\u00e1ticos del Ministerio de Salud.<\/p>\n\n\n\n<p>&nbsp;El objetivo fue brindar una capacitaci\u00f3n a profesionales ingresantes a la carrera de Especializaci\u00f3n en Residencia Interdisciplinaria en Salud Mental Comunitaria, que se desempe\u00f1an en hospitales de Viedma, General Conesa, Luis Beltr\u00e1n, El Bols\u00f3n y Sierra Colorada.<\/p>\n\n\n\n<p>Durante los encuentros, se comparti\u00f3 informaci\u00f3n sobre las funciones e incumbencias del ORSM y se promovi\u00f3 la integraci\u00f3n del enfoque de derechos humanos y del marco legal vigente en las pr\u00e1cticas cotidianas del trabajo en salud mental.<\/p>\n\n\n\n<p>&nbsp;El conversatorio se desarroll\u00f3 en tres instancias: una clase inicial sincr\u00f3nica de presentaci\u00f3n; &nbsp;una actividad asincr\u00f3nica con an\u00e1lisis de casos pr\u00e1cticos;&nbsp;un cierre tambi\u00e9n sincr\u00f3nico con intercambio de reflexiones.<\/p>\n\n\n\n<p> En ese contexto, desde el ORSM reafirmaron el compromiso con la formaci\u00f3n de equipos de salud que garanticen una atenci\u00f3n respetuosa, integral y comunitaria.<\/p>\n","protected":false},"excerpt":{"rendered":"<p>13 de mayo 2025- Desde la Defensor\u00eda del Pueblo de R\u00edo Negro, el \u00d3rgano de Revisi\u00f3n de Salud Mental (ORSM) llev\u00f3 adelante un conversatorio organizado en conjunto con el \u00c1rea de Residencia de la Coordinaci\u00f3n Provincial de Salud Mental Comunitaria y Consumos Problem\u00e1ticos del Ministerio de Salud. &nbsp;El objetivo fue brindar una capacitaci\u00f3n a profesionales [&hellip;]<\/p>\n","protected":false},"author":2,"featured_media":11619,"comment_status":"closed","ping_status":"open","sticky":false,"template":"","format":"standard","meta":{"_jetpack_memberships_contains_paid_content":false,"footnotes":""},"categories":[49],"tags":[22],"class_list":["post-11618","post","type-post","status-publish","format-standard","has-post-thumbnail","hentry","category-noticias","tag-salud-mental"],"jetpack_featured_media_url":"https:\/\/defensoriarionegro.gov.ar\/drn\/wp-content\/uploads\/2025\/05\/captura.png","jetpack_sharing_enabled":true,"_links":{"self":[{"href":"https:\/\/defensoriarionegro.gov.ar\/drn\/wp-json\/wp\/v2\/posts\/11618","targetHints":{"allow":["GET"]}}],"collection":[{"href":"https:\/\/defensoriarionegro.gov.ar\/drn\/wp-json\/wp\/v2\/posts"}],"about":[{"href":"https:\/\/defensoriarionegro.gov.ar\/drn\/wp-json\/wp\/v2\/types\/post"}],"author":[{"embeddable":true,"href":"https:\/\/defensoriarionegro.gov.ar\/drn\/wp-json\/wp\/v2\/users\/2"}],"replies":[{"embeddable":true,"href":"https:\/\/defensoriarionegro.gov.ar\/drn\/wp-json\/wp\/v2\/comments?post=11618"}],"version-history":[{"count":1,"href":"https:\/\/defensoriarionegro.gov.ar\/drn\/wp-json\/wp\/v2\/posts\/11618\/revisions"}],"predecessor-version":[{"id":12118,"href":"https:\/\/defensoriarionegro.gov.ar\/drn\/wp-json\/wp\/v2\/posts\/11618\/revisions\/12118"}],"wp:featuredmedia":[{"embeddable":true,"href":"https:\/\/defensoriarionegro.gov.ar\/drn\/wp-json\/wp\/v2\/media\/11619"}],"wp:attachment":[{"href":"https:\/\/defensoriarionegro.gov.ar\/drn\/wp-json\/wp\/v2\/media?parent=11618"}],"wp:term":[{"taxonomy":"category","embeddable":true,"href":"https:\/\/defensoriarionegro.gov.ar\/drn\/wp-json\/wp\/v2\/categories?post=11618"},{"taxonomy":"post_tag","embeddable":true,"href":"https:\/\/defensoriarionegro.gov.ar\/drn\/wp-json\/wp\/v2\/tags?post=11618"}],"curies":[{"name":"wp","href":"https:\/\/api.w.org\/{rel}","templated":true}]}}