{"id":11644,"date":"2025-05-21T09:30:36","date_gmt":"2025-05-21T12:30:36","guid":{"rendered":"https:\/\/defensoriarionegro.gov.ar\/drn\/?p=11644"},"modified":"2025-08-29T11:32:35","modified_gmt":"2025-08-29T14:32:35","slug":"reunion-en-la-defensoria-del-pueblo-por-el-servicio-de-transporte-publico-de-pasajeros-en-la-region-sur","status":"publish","type":"post","link":"https:\/\/defensoriarionegro.gov.ar\/drn\/reunion-en-la-defensoria-del-pueblo-por-el-servicio-de-transporte-publico-de-pasajeros-en-la-region-sur\/","title":{"rendered":"Reuni\u00f3n en la Defensor\u00eda del Pueblo por el servicio de transporte p\u00fablico de pasajeros en la Regi\u00f3n Sur."},"content":{"rendered":"\n<p>21 de mayo de 2025- En la sede central del organismo se llev\u00f3 adelante un encuentro entre la defensora del pueblo, Adriana Santagati, el legislador Fabi\u00e1n Pilquinao, el secretario de Transporte, Juan Giancaglini y el representante de la empresa Las Grutas S.A. concesionaria del trayecto Jacobacci-Cipolletti.<\/p>\n\n\n\n<p>El objetivo de la reuni\u00f3n fue buscar alternativas ante la situaci\u00f3n planteada por Pilquinao referida al tiempo que los ciudadanos residentes de la Regi\u00f3n Sur, en particular los vecinos de Sierra Colorada, Ramos Mex\u00eda y parajes aleda\u00f1os, deben esperar en Los Menucos para poder hacer la combinaci\u00f3n y llegar a sus lugares de destino.<\/p>\n\n\n\n<p>Luego de evaluar la situaci\u00f3n, el empresario se comprometi\u00f3 a analizar las estad\u00edsticas referidas a la cantidad de pasajeros afectados para poder brindar alternativas de soluci\u00f3n a los reclamos las que ser\u00e1n propuestas y estudiadas en un pr\u00f3ximo encuentro en la Defensor\u00eda del Pueblo.<\/p>\n\n\n\n<p><\/p>\n","protected":false},"excerpt":{"rendered":"<p>21 de mayo de 2025- En la sede central del organismo se llev\u00f3 adelante un encuentro entre la defensora del pueblo, Adriana Santagati, el legislador Fabi\u00e1n Pilquinao, el secretario de Transporte, Juan Giancaglini y el representante de la empresa Las Grutas S.A. concesionaria del trayecto Jacobacci-Cipolletti. El objetivo de la reuni\u00f3n fue buscar alternativas ante [&hellip;]<\/p>\n","protected":false},"author":2,"featured_media":11647,"comment_status":"closed","ping_status":"open","sticky":false,"template":"","format":"standard","meta":{"_jetpack_memberships_contains_paid_content":false,"footnotes":""},"categories":[49],"tags":[205],"class_list":["post-11644","post","type-post","status-publish","format-standard","has-post-thumbnail","hentry","category-noticias","tag-transporte"],"jetpack_featured_media_url":"https:\/\/defensoriarionegro.gov.ar\/drn\/wp-content\/uploads\/2025\/05\/transporte-1.jpeg","jetpack_sharing_enabled":true,"_links":{"self":[{"href":"https:\/\/defensoriarionegro.gov.ar\/drn\/wp-json\/wp\/v2\/posts\/11644","targetHints":{"allow":["GET"]}}],"collection":[{"href":"https:\/\/defensoriarionegro.gov.ar\/drn\/wp-json\/wp\/v2\/posts"}],"about":[{"href":"https:\/\/defensoriarionegro.gov.ar\/drn\/wp-json\/wp\/v2\/types\/post"}],"author":[{"embeddable":true,"href":"https:\/\/defensoriarionegro.gov.ar\/drn\/wp-json\/wp\/v2\/users\/2"}],"replies":[{"embeddable":true,"href":"https:\/\/defensoriarionegro.gov.ar\/drn\/wp-json\/wp\/v2\/comments?post=11644"}],"version-history":[{"count":1,"href":"https:\/\/defensoriarionegro.gov.ar\/drn\/wp-json\/wp\/v2\/posts\/11644\/revisions"}],"predecessor-version":[{"id":12115,"href":"https:\/\/defensoriarionegro.gov.ar\/drn\/wp-json\/wp\/v2\/posts\/11644\/revisions\/12115"}],"wp:featuredmedia":[{"embeddable":true,"href":"https:\/\/defensoriarionegro.gov.ar\/drn\/wp-json\/wp\/v2\/media\/11647"}],"wp:attachment":[{"href":"https:\/\/defensoriarionegro.gov.ar\/drn\/wp-json\/wp\/v2\/media?parent=11644"}],"wp:term":[{"taxonomy":"category","embeddable":true,"href":"https:\/\/defensoriarionegro.gov.ar\/drn\/wp-json\/wp\/v2\/categories?post=11644"},{"taxonomy":"post_tag","embeddable":true,"href":"https:\/\/defensoriarionegro.gov.ar\/drn\/wp-json\/wp\/v2\/tags?post=11644"}],"curies":[{"name":"wp","href":"https:\/\/api.w.org\/{rel}","templated":true}]}}