{"id":14239,"date":"2026-08-26T11:53:51","date_gmt":"2026-08-26T14:53:51","guid":{"rendered":"https:\/\/defensoriarionegro.gov.ar\/drn\/?p=14239"},"modified":"2026-08-27T08:51:23","modified_gmt":"2026-08-27T11:51:23","slug":"interaccion-ante-la-discapacidad-respetar-escuchar-y-estar-dispuestos-a-aprender","status":"publish","type":"post","link":"https:\/\/defensoriarionegro.gov.ar\/drn\/interaccion-ante-la-discapacidad-respetar-escuchar-y-estar-dispuestos-a-aprender\/","title":{"rendered":"Interacci\u00f3n ante la discapacidad. Respetar, escuchar y estar dispuestos a aprender."},"content":{"rendered":"\t\t<div data-elementor-type=\"wp-post\" data-elementor-id=\"14239\" class=\"elementor elementor-14239\" data-elementor-post-type=\"post\">\n\t\t\t\t<div class=\"elementor-element elementor-element-412706f7 e-flex e-con-boxed e-con e-parent\" data-id=\"412706f7\" data-element_type=\"container\" data-e-type=\"container\">\n\t\t\t\t\t<div class=\"e-con-inner\">\n\t\t\t\t<div class=\"elementor-element elementor-element-583830de elementor-widget elementor-widget-text-editor\" data-id=\"583830de\" data-element_type=\"widget\" data-e-type=\"widget\" data-widget_type=\"text-editor.default\">\n\t\t\t\t\t\t\t\t\t\n<p class=\"wp-block-paragraph\"><strong>\u00bfSab\u00e9s c\u00f3mo hablar y actuar con respeto frente a la discapacidad?<\/strong><\/p>\n\n<p class=\"wp-block-paragraph\">A veces nos frena el miedo a usar un t\u00e9rmino \u00abincorrecto\u00bb.<\/p>\n\n<p class=\"wp-block-paragraph\">Pero la verdadera inclusi\u00f3n no empieza en el vocabulario perfecto, comienza cuando dejamos de etiquetar y reconocemos los derechos de las personas con discapacidad.<\/p>\n\n<p class=\"wp-block-paragraph\"><strong>\u00bfC\u00f3mo referirse a una persona con discapacidad?<\/strong><\/p>\n\n<p class=\"wp-block-paragraph\">Utiliz\u00e1 siempre el t\u00e9rmino \u00abpersona con discapacidad\u00bb<\/p>\n\n<p class=\"wp-block-paragraph\">NO se dice \u00abdiscapacitado\/a\u00bb,\u00bbinv\u00e1lido\/a\u00bb, \u00abminusv\u00e1lido\/a\u00bb<\/p>\n\n<p class=\"wp-block-paragraph\">Los verbos \u201csufrir\u201d o \u201cpadecer\u201d aplicados a la discapacidad son inapropiados. No es una enfermedad, es una condici\u00f3n de vida.<\/p>\n\n<p class=\"wp-block-paragraph\">Nombrar con respeto es reconocer e incluir.<\/p>\n\n<p class=\"wp-block-paragraph\"><strong>\u00bfSe dice \u00abcapacidades diferentes\u00bb o \u00abespeciales\u00bb?<\/strong><\/p>\n\n<p class=\"wp-block-paragraph\">Ninguna de las dos. Aunque suelen usarse con buena intenci\u00f3n, estas palabras terminan invisibilizando la discapacidad, como si fuera algo que no pudiera nombrarse.<\/p>\n\n<p class=\"wp-block-paragraph\">Decir \u00abdiscapacidad\u00bb es la forma correcta.<\/p>\n\n<p class=\"wp-block-paragraph\"><strong>\u00bfC\u00f3mo nombrar los distintos tipos de discapacidad?<\/strong><\/p>\n\n<p class=\"wp-block-paragraph\">Siempre anteponer a la persona:<\/p>\n\n<p class=\"wp-block-paragraph\">\u2022\u00a0\u00a0\u00a0\u00a0\u00a0\u00a0\u00a0\u00a0\u00a0\u00a0\u00a0\u00a0 Persona con discapacidad motriz<\/p>\n\n<p class=\"wp-block-paragraph\">\u2022\u00a0\u00a0\u00a0\u00a0\u00a0\u00a0\u00a0\u00a0\u00a0\u00a0\u00a0\u00a0 Persona ciega \/ con discapacidad visual<\/p>\n\n<p class=\"wp-block-paragraph\">\u2022\u00a0\u00a0\u00a0\u00a0\u00a0\u00a0\u00a0\u00a0\u00a0\u00a0\u00a0\u00a0 Persona sorda \/ con discapacidad auditiva<\/p>\n\n<p class=\"wp-block-paragraph\">\u2022\u00a0\u00a0\u00a0\u00a0\u00a0\u00a0\u00a0\u00a0\u00a0\u00a0\u00a0\u00a0 Persona con discapacidad intelectual<\/p>\n\n<p class=\"wp-block-paragraph\">\u2022\u00a0\u00a0\u00a0\u00a0\u00a0\u00a0\u00a0\u00a0\u00a0\u00a0\u00a0\u00a0 Persona con discapacidad psicosocial<\/p>\n\n<p class=\"wp-block-paragraph\">No dudes en preguntar c\u00f3mo prefiere identificarse cada persona.<\/p>\n\n<p class=\"wp-block-paragraph\"><strong>\u00bfOfrecer ayuda siempre, puede ser ofensivo?<\/strong><\/p>\n\n<p class=\"wp-block-paragraph\">Antes de intervenir: pregunt\u00e1 c\u00f3mo pod\u00e9s ayudar,\u00a0 no insistas y no decidas por la otra persona.<\/p>\n\n<p class=\"wp-block-paragraph\">La inclusi\u00f3n tambi\u00e9n es respetar la autonom\u00eda de cada persona.<\/p>\n\n<p class=\"wp-block-paragraph\">La manera en que interactuamos tambi\u00e9n es una forma de inclusi\u00f3n.<\/p>\n\n<p class=\"wp-block-paragraph\">Si la persona est\u00e1 acompa\u00f1ada \u2014 por un int\u00e9rprete de lengua de se\u00f1as o un asistente personal \u2014\u00a0 el di\u00e1logo y el contacto visual sigue siendo con ella, no con quien la acompa\u00f1a.<\/p>\n\n<p class=\"wp-block-paragraph\">Es normal tener dudas, miedo a equivocarse o no saber qu\u00e9 hacer o qu\u00e9 decir.<\/p>\n\n<p class=\"wp-block-paragraph\">Lo importante es respetar, escuchar y estar dispuesto\/a a aprender.<\/p>\n\n<p class=\"wp-block-paragraph\">La inclusi\u00f3n no se declara, se practica.\u00a0 Cada gesto de respeto suma.<\/p>\n\n<figure class=\"wp-block-gallery has-nested-images columns-default is-cropped wp-block-gallery-2 is-layout-flex wp-block-gallery-is-layout-flex\"><\/figure>\n\t\t\t\t\t\t\t\t<\/div>\n\t\t\t\t<div class=\"elementor-element elementor-element-38dad7d elementor-widget elementor-widget-gallery\" data-id=\"38dad7d\" data-element_type=\"widget\" data-e-type=\"widget\" data-settings=\"{&quot;lazyload&quot;:&quot;yes&quot;,&quot;gallery_layout&quot;:&quot;grid&quot;,&quot;columns&quot;:4,&quot;columns_tablet&quot;:2,&quot;columns_mobile&quot;:1,&quot;gap&quot;:{&quot;unit&quot;:&quot;px&quot;,&quot;size&quot;:10,&quot;sizes&quot;:[]},&quot;gap_tablet&quot;:{&quot;unit&quot;:&quot;px&quot;,&quot;size&quot;:10,&quot;sizes&quot;:[]},&quot;gap_mobile&quot;:{&quot;unit&quot;:&quot;px&quot;,&quot;size&quot;:10,&quot;sizes&quot;:[]},&quot;link_to&quot;:&quot;file&quot;,&quot;aspect_ratio&quot;:&quot;3:2&quot;,&quot;show_all_galleries&quot;:&quot;yes&quot;,&quot;overlay_background&quot;:&quot;yes&quot;,&quot;content_hover_animation&quot;:&quot;fade-in&quot;}\" data-widget_type=\"gallery.default\">\n\t\t\t\t\t\t\t\t<div class=\"elementor-gallery__titles-container e--pointer-underline e--animation-fade\" aria-label=\"Gallery filter\">\n\t\t\t\t\t\t\t\t\t<a class=\"elementor-item elementor-gallery-title\" role=\"button\" tabindex=\"0\" data-gallery-index=\"all\">\n\t\t\t\t\t\tAll\t\t\t\t\t<\/a>\n\t\t\t\t\n\t\t\t\t\t\t\t\t\t<a class=\"elementor-item elementor-gallery-title\" role=\"button\" tabindex=\"0\" data-gallery-index=\"0\">\n\t\t\t\t\t\tNew Gallery\t\t\t\t\t<\/a>\n\t\t\t\t\t\t\t\t<\/div>\n\t\t\t\t\t<div class=\"elementor-gallery__container\">\n\t\t\t\t\t\t\t<a class=\"e-gallery-item elementor-gallery-item elementor-animated-content\" data-e-gallery-tags=\"0\" href=\"https:\/\/defensoriarionegro.gov.ar\/drn\/wp-content\/uploads\/2026\/08\/1.jpeg\" data-elementor-open-lightbox=\"yes\" data-elementor-lightbox-slideshow=\"38dad7d\" data-elementor-lightbox-title=\"1\" data-e-action-hash=\"#elementor-action%3Aaction%3Dlightbox%26settings%3DeyJpZCI6MTQyNDksInVybCI6Imh0dHBzOlwvXC9kZWZlbnNvcmlhcmlvbmVncm8uZ292LmFyXC9kcm5cL3dwLWNvbnRlbnRcL3VwbG9hZHNcLzIwMjZcLzA4XC8xLmpwZWciLCJzbGlkZXNob3ciOiIzOGRhZDdkIn0%3D\">\n\t\t\t\t\t<div class=\"e-gallery-image elementor-gallery-item__image\" data-thumbnail=\"https:\/\/defensoriarionegro.gov.ar\/drn\/wp-content\/uploads\/2026\/08\/1-240x300.jpeg\" data-width=\"240\" data-height=\"300\" aria-label=\"\" role=\"img\" ><\/div>\n\t\t\t\t\t\t\t\t\t\t\t<div class=\"elementor-gallery-item__overlay\"><\/div>\n\t\t\t\t\t\t\t\t\t\t\t\t\t\t<\/a>\n\t\t\t\t\t\t\t<a class=\"e-gallery-item elementor-gallery-item elementor-animated-content\" data-e-gallery-tags=\"0\" href=\"https:\/\/defensoriarionegro.gov.ar\/drn\/wp-content\/uploads\/2026\/08\/2.jpeg\" data-elementor-open-lightbox=\"yes\" data-elementor-lightbox-slideshow=\"38dad7d\" data-elementor-lightbox-title=\"2\" data-e-action-hash=\"#elementor-action%3Aaction%3Dlightbox%26settings%3DeyJpZCI6MTQyNTAsInVybCI6Imh0dHBzOlwvXC9kZWZlbnNvcmlhcmlvbmVncm8uZ292LmFyXC9kcm5cL3dwLWNvbnRlbnRcL3VwbG9hZHNcLzIwMjZcLzA4XC8yLmpwZWciLCJzbGlkZXNob3ciOiIzOGRhZDdkIn0%3D\">\n\t\t\t\t\t<div class=\"e-gallery-image elementor-gallery-item__image\" data-thumbnail=\"https:\/\/defensoriarionegro.gov.ar\/drn\/wp-content\/uploads\/2026\/08\/2-240x300.jpeg\" data-width=\"240\" data-height=\"300\" aria-label=\"\" role=\"img\" ><\/div>\n\t\t\t\t\t\t\t\t\t\t\t<div class=\"elementor-gallery-item__overlay\"><\/div>\n\t\t\t\t\t\t\t\t\t\t\t\t\t\t<\/a>\n\t\t\t\t\t\t\t<a class=\"e-gallery-item elementor-gallery-item elementor-animated-content\" data-e-gallery-tags=\"0\" href=\"https:\/\/defensoriarionegro.gov.ar\/drn\/wp-content\/uploads\/2026\/08\/3.jpeg\" data-elementor-open-lightbox=\"yes\" data-elementor-lightbox-slideshow=\"38dad7d\" data-elementor-lightbox-title=\"3\" data-e-action-hash=\"#elementor-action%3Aaction%3Dlightbox%26settings%3DeyJpZCI6MTQyNTEsInVybCI6Imh0dHBzOlwvXC9kZWZlbnNvcmlhcmlvbmVncm8uZ292LmFyXC9kcm5cL3dwLWNvbnRlbnRcL3VwbG9hZHNcLzIwMjZcLzA4XC8zLmpwZWciLCJzbGlkZXNob3ciOiIzOGRhZDdkIn0%3D\">\n\t\t\t\t\t<div class=\"e-gallery-image elementor-gallery-item__image\" data-thumbnail=\"https:\/\/defensoriarionegro.gov.ar\/drn\/wp-content\/uploads\/2026\/08\/3-240x300.jpeg\" data-width=\"240\" data-height=\"300\" aria-label=\"\" role=\"img\" ><\/div>\n\t\t\t\t\t\t\t\t\t\t\t<div class=\"elementor-gallery-item__overlay\"><\/div>\n\t\t\t\t\t\t\t\t\t\t\t\t\t\t<\/a>\n\t\t\t\t\t\t\t<a class=\"e-gallery-item elementor-gallery-item elementor-animated-content\" data-e-gallery-tags=\"0\" href=\"https:\/\/defensoriarionegro.gov.ar\/drn\/wp-content\/uploads\/2026\/08\/4.jpeg\" data-elementor-open-lightbox=\"yes\" data-elementor-lightbox-slideshow=\"38dad7d\" data-elementor-lightbox-title=\"4\" data-e-action-hash=\"#elementor-action%3Aaction%3Dlightbox%26settings%3DeyJpZCI6MTQyNTIsInVybCI6Imh0dHBzOlwvXC9kZWZlbnNvcmlhcmlvbmVncm8uZ292LmFyXC9kcm5cL3dwLWNvbnRlbnRcL3VwbG9hZHNcLzIwMjZcLzA4XC80LmpwZWciLCJzbGlkZXNob3ciOiIzOGRhZDdkIn0%3D\">\n\t\t\t\t\t<div class=\"e-gallery-image elementor-gallery-item__image\" data-thumbnail=\"https:\/\/defensoriarionegro.gov.ar\/drn\/wp-content\/uploads\/2026\/08\/4-240x300.jpeg\" data-width=\"240\" data-height=\"300\" aria-label=\"\" role=\"img\" ><\/div>\n\t\t\t\t\t\t\t\t\t\t\t<div class=\"elementor-gallery-item__overlay\"><\/div>\n\t\t\t\t\t\t\t\t\t\t\t\t\t\t<\/a>\n\t\t\t\t\t\t\t<a class=\"e-gallery-item elementor-gallery-item elementor-animated-content\" data-e-gallery-tags=\"0\" href=\"https:\/\/defensoriarionegro.gov.ar\/drn\/wp-content\/uploads\/2026\/08\/5.jpeg\" data-elementor-open-lightbox=\"yes\" data-elementor-lightbox-slideshow=\"38dad7d\" data-elementor-lightbox-title=\"5\" data-e-action-hash=\"#elementor-action%3Aaction%3Dlightbox%26settings%3DeyJpZCI6MTQyNTMsInVybCI6Imh0dHBzOlwvXC9kZWZlbnNvcmlhcmlvbmVncm8uZ292LmFyXC9kcm5cL3dwLWNvbnRlbnRcL3VwbG9hZHNcLzIwMjZcLzA4XC81LmpwZWciLCJzbGlkZXNob3ciOiIzOGRhZDdkIn0%3D\">\n\t\t\t\t\t<div class=\"e-gallery-image elementor-gallery-item__image\" data-thumbnail=\"https:\/\/defensoriarionegro.gov.ar\/drn\/wp-content\/uploads\/2026\/08\/5-240x300.jpeg\" data-width=\"240\" data-height=\"300\" aria-label=\"\" role=\"img\" ><\/div>\n\t\t\t\t\t\t\t\t\t\t\t<div class=\"elementor-gallery-item__overlay\"><\/div>\n\t\t\t\t\t\t\t\t\t\t\t\t\t\t<\/a>\n\t\t\t\t\t\t\t<a class=\"e-gallery-item elementor-gallery-item elementor-animated-content\" data-e-gallery-tags=\"0\" href=\"https:\/\/defensoriarionegro.gov.ar\/drn\/wp-content\/uploads\/2026\/08\/6.jpeg\" data-elementor-open-lightbox=\"yes\" data-elementor-lightbox-slideshow=\"38dad7d\" data-elementor-lightbox-title=\"6\" data-e-action-hash=\"#elementor-action%3Aaction%3Dlightbox%26settings%3DeyJpZCI6MTQyNTQsInVybCI6Imh0dHBzOlwvXC9kZWZlbnNvcmlhcmlvbmVncm8uZ292LmFyXC9kcm5cL3dwLWNvbnRlbnRcL3VwbG9hZHNcLzIwMjZcLzA4XC82LmpwZWciLCJzbGlkZXNob3ciOiIzOGRhZDdkIn0%3D\">\n\t\t\t\t\t<div class=\"e-gallery-image elementor-gallery-item__image\" data-thumbnail=\"https:\/\/defensoriarionegro.gov.ar\/drn\/wp-content\/uploads\/2026\/08\/6-240x300.jpeg\" data-width=\"240\" data-height=\"300\" aria-label=\"\" role=\"img\" ><\/div>\n\t\t\t\t\t\t\t\t\t\t\t<div class=\"elementor-gallery-item__overlay\"><\/div>\n\t\t\t\t\t\t\t\t\t\t\t\t\t\t<\/a>\n\t\t\t\t\t\t\t<a class=\"e-gallery-item elementor-gallery-item elementor-animated-content\" data-e-gallery-tags=\"0\" href=\"https:\/\/defensoriarionegro.gov.ar\/drn\/wp-content\/uploads\/2026\/08\/7.jpeg\" data-elementor-open-lightbox=\"yes\" data-elementor-lightbox-slideshow=\"38dad7d\" data-elementor-lightbox-title=\"7\" data-e-action-hash=\"#elementor-action%3Aaction%3Dlightbox%26settings%3DeyJpZCI6MTQyNTUsInVybCI6Imh0dHBzOlwvXC9kZWZlbnNvcmlhcmlvbmVncm8uZ292LmFyXC9kcm5cL3dwLWNvbnRlbnRcL3VwbG9hZHNcLzIwMjZcLzA4XC83LmpwZWciLCJzbGlkZXNob3ciOiIzOGRhZDdkIn0%3D\">\n\t\t\t\t\t<div class=\"e-gallery-image elementor-gallery-item__image\" data-thumbnail=\"https:\/\/defensoriarionegro.gov.ar\/drn\/wp-content\/uploads\/2026\/08\/7-240x300.jpeg\" data-width=\"240\" data-height=\"300\" aria-label=\"\" role=\"img\" ><\/div>\n\t\t\t\t\t\t\t\t\t\t\t<div class=\"elementor-gallery-item__overlay\"><\/div>\n\t\t\t\t\t\t\t\t\t\t\t\t\t\t<\/a>\n\t\t\t\t\t\t\t<a class=\"e-gallery-item elementor-gallery-item elementor-animated-content\" data-e-gallery-tags=\"0\" href=\"https:\/\/defensoriarionegro.gov.ar\/drn\/wp-content\/uploads\/2026\/08\/8.jpeg\" data-elementor-open-lightbox=\"yes\" data-elementor-lightbox-slideshow=\"38dad7d\" data-elementor-lightbox-title=\"8\" data-e-action-hash=\"#elementor-action%3Aaction%3Dlightbox%26settings%3DeyJpZCI6MTQyNTYsInVybCI6Imh0dHBzOlwvXC9kZWZlbnNvcmlhcmlvbmVncm8uZ292LmFyXC9kcm5cL3dwLWNvbnRlbnRcL3VwbG9hZHNcLzIwMjZcLzA4XC84LmpwZWciLCJzbGlkZXNob3ciOiIzOGRhZDdkIn0%3D\">\n\t\t\t\t\t<div class=\"e-gallery-image elementor-gallery-item__image\" data-thumbnail=\"https:\/\/defensoriarionegro.gov.ar\/drn\/wp-content\/uploads\/2026\/08\/8-240x300.jpeg\" data-width=\"240\" data-height=\"300\" aria-label=\"\" role=\"img\" ><\/div>\n\t\t\t\t\t\t\t\t\t\t\t<div class=\"elementor-gallery-item__overlay\"><\/div>\n\t\t\t\t\t\t\t\t\t\t\t\t\t\t<\/a>\n\t\t\t\t\t\t\t<a class=\"e-gallery-item elementor-gallery-item elementor-animated-content\" data-e-gallery-tags=\"0\" href=\"https:\/\/defensoriarionegro.gov.ar\/drn\/wp-content\/uploads\/2026\/08\/9.jpeg\" data-elementor-open-lightbox=\"yes\" data-elementor-lightbox-slideshow=\"38dad7d\" data-elementor-lightbox-title=\"9\" data-e-action-hash=\"#elementor-action%3Aaction%3Dlightbox%26settings%3DeyJpZCI6MTQyNTcsInVybCI6Imh0dHBzOlwvXC9kZWZlbnNvcmlhcmlvbmVncm8uZ292LmFyXC9kcm5cL3dwLWNvbnRlbnRcL3VwbG9hZHNcLzIwMjZcLzA4XC85LmpwZWciLCJzbGlkZXNob3ciOiIzOGRhZDdkIn0%3D\">\n\t\t\t\t\t<div class=\"e-gallery-image elementor-gallery-item__image\" data-thumbnail=\"https:\/\/defensoriarionegro.gov.ar\/drn\/wp-content\/uploads\/2026\/08\/9-240x300.jpeg\" data-width=\"240\" data-height=\"300\" aria-label=\"\" role=\"img\" ><\/div>\n\t\t\t\t\t\t\t\t\t\t\t<div class=\"elementor-gallery-item__overlay\"><\/div>\n\t\t\t\t\t\t\t\t\t\t\t\t\t\t<\/a>\n\t\t\t\t\t<\/div>\n\t\t\t\t\t<\/div>\n\t\t\t\t\t<\/div>\n\t\t\t\t<\/div>\n\t\t\t\t<\/div>\n\t\t","protected":false},"excerpt":{"rendered":"<p>\u00bfSab\u00e9s c\u00f3mo hablar y actuar con respeto frente a la discapacidad? A veces nos frena el miedo a usar un t\u00e9rmino \u00abincorrecto\u00bb. Pero la verdadera inclusi\u00f3n no empieza en el vocabulario perfecto, comienza cuando dejamos de etiquetar y reconocemos los derechos de las personas con discapacidad. \u00bfC\u00f3mo referirse a una persona con discapacidad? Utiliz\u00e1 siempre [&hellip;]<\/p>\n","protected":false},"author":4,"featured_media":14247,"comment_status":"closed","ping_status":"open","sticky":false,"template":"","format":"standard","meta":{"_jetpack_newsletter_access":"","_jetpack_dont_email_post_to_subs":false,"_jetpack_newsletter_tier_id":0,"_jetpack_memberships_contains_paywalled_content":false,"_jetpack_memberships_contains_paid_content":false,"_joinchat":[],"footnotes":""},"categories":[15,49],"tags":[],"class_list":["post-14239","post","type-post","status-publish","format-standard","has-post-thumbnail","hentry","category-campanas","category-noticias"],"jetpack_sharing_enabled":true,"jetpack_featured_media_url":"https:\/\/defensoriarionegro.gov.ar\/drn\/wp-content\/uploads\/2026\/08\/CAMPANA.jpg","_links":{"self":[{"href":"https:\/\/defensoriarionegro.gov.ar\/drn\/wp-json\/wp\/v2\/posts\/14239","targetHints":{"allow":["GET"]}}],"collection":[{"href":"https:\/\/defensoriarionegro.gov.ar\/drn\/wp-json\/wp\/v2\/posts"}],"about":[{"href":"https:\/\/defensoriarionegro.gov.ar\/drn\/wp-json\/wp\/v2\/types\/post"}],"author":[{"embeddable":true,"href":"https:\/\/defensoriarionegro.gov.ar\/drn\/wp-json\/wp\/v2\/users\/4"}],"replies":[{"embeddable":true,"href":"https:\/\/defensoriarionegro.gov.ar\/drn\/wp-json\/wp\/v2\/comments?post=14239"}],"version-history":[{"count":5,"href":"https:\/\/defensoriarionegro.gov.ar\/drn\/wp-json\/wp\/v2\/posts\/14239\/revisions"}],"predecessor-version":[{"id":14286,"href":"https:\/\/defensoriarionegro.gov.ar\/drn\/wp-json\/wp\/v2\/posts\/14239\/revisions\/14286"}],"wp:featuredmedia":[{"embeddable":true,"href":"https:\/\/defensoriarionegro.gov.ar\/drn\/wp-json\/wp\/v2\/media\/14247"}],"wp:attachment":[{"href":"https:\/\/defensoriarionegro.gov.ar\/drn\/wp-json\/wp\/v2\/media?parent=14239"}],"wp:term":[{"taxonomy":"category","embeddable":true,"href":"https:\/\/defensoriarionegro.gov.ar\/drn\/wp-json\/wp\/v2\/categories?post=14239"},{"taxonomy":"post_tag","embeddable":true,"href":"https:\/\/defensoriarionegro.gov.ar\/drn\/wp-json\/wp\/v2\/tags?post=14239"}],"curies":[{"name":"wp","href":"https:\/\/api.w.org\/{rel}","templated":true}]}}