{"id":14404,"date":"2026-09-02T11:54:28","date_gmt":"2026-09-02T14:54:28","guid":{"rendered":"https:\/\/defensoriarionegro.gov.ar\/drn\/?p=14404"},"modified":"2026-09-02T11:58:15","modified_gmt":"2026-09-02T14:58:15","slug":"tratame-como-te-gustaria-que-te-traten","status":"publish","type":"post","link":"https:\/\/defensoriarionegro.gov.ar\/drn\/tratame-como-te-gustaria-que-te-traten\/","title":{"rendered":"Tratame como te gustar\u00eda que te traten"},"content":{"rendered":"\n<p class=\"wp-block-paragraph\">El buen trato es un derecho fundamental para todas las personas.<\/p>\n\n\n\n<p class=\"wp-block-paragraph\">En espacios como centros de salud o de atenci\u00f3n al ciudadano, las leyes garantizan que se brinde un trato digno y emp\u00e1tico.<\/p>\n\n\n\n<p class=\"wp-block-paragraph\">Nadie debe insultarte, gritarte, humillarte ni hacerte da\u00f1o f\u00edsico o psicol\u00f3gico.<\/p>\n\n\n\n<p class=\"wp-block-paragraph\">Es un ida y vuelta. El paciente y sus acompa\u00f1antes tambi\u00e9n tienen obligaciones de respetar y cumplir las normas dentro del establecimiento de salud.<\/p>\n\n\n\n<p class=\"wp-block-paragraph\">Si ten\u00e9s consultas o quer\u00e9s hacer un reclamo comun\u00edcate<\/p>\n\n\n\n<p class=\"wp-block-paragraph\">\ud83d\udcde0800 999 3776<br>\ud83d\udcf2 2920 239023<br>\ud83d\udce9consulta@defensoria.rionegro.gov.ar<br>\ud83c\udf10 www.defensoriarionegro.gov.ar<\/p>\n\n\n\n<figure class=\"wp-block-image size-large\"><img fetchpriority=\"high\" decoding=\"async\" width=\"819\" height=\"1024\" src=\"https:\/\/defensoriarionegro.gov.ar\/drn\/wp-content\/uploads\/2026\/09\/WhatsApp-Image-2026-09-02-at-10.42.40-819x1024.jpeg\" alt=\"\" class=\"wp-image-14406\" srcset=\"https:\/\/defensoriarionegro.gov.ar\/drn\/wp-content\/uploads\/2026\/09\/WhatsApp-Image-2026-09-02-at-10.42.40-819x1024.jpeg 819w, https:\/\/defensoriarionegro.gov.ar\/drn\/wp-content\/uploads\/2026\/09\/WhatsApp-Image-2026-09-02-at-10.42.40-240x300.jpeg 240w, https:\/\/defensoriarionegro.gov.ar\/drn\/wp-content\/uploads\/2026\/09\/WhatsApp-Image-2026-09-02-at-10.42.40-768x960.jpeg 768w, https:\/\/defensoriarionegro.gov.ar\/drn\/wp-content\/uploads\/2026\/09\/WhatsApp-Image-2026-09-02-at-10.42.40.jpeg 1080w\" sizes=\"(max-width: 819px) 100vw, 819px\" \/><\/figure>\n\n\n\n<figure class=\"wp-block-gallery has-nested-images columns-default is-cropped wp-block-gallery-1 is-layout-flex wp-block-gallery-is-layout-flex\">\n<figure class=\"wp-block-image size-large\"><img decoding=\"async\" width=\"819\" height=\"1024\" data-id=\"14407\" src=\"https:\/\/defensoriarionegro.gov.ar\/drn\/wp-content\/uploads\/2026\/09\/WhatsApp-Image-2026-09-02-at-10.42.40-1-819x1024.jpeg\" alt=\"\" class=\"wp-image-14407\" srcset=\"https:\/\/defensoriarionegro.gov.ar\/drn\/wp-content\/uploads\/2026\/09\/WhatsApp-Image-2026-09-02-at-10.42.40-1-819x1024.jpeg 819w, https:\/\/defensoriarionegro.gov.ar\/drn\/wp-content\/uploads\/2026\/09\/WhatsApp-Image-2026-09-02-at-10.42.40-1-240x300.jpeg 240w, https:\/\/defensoriarionegro.gov.ar\/drn\/wp-content\/uploads\/2026\/09\/WhatsApp-Image-2026-09-02-at-10.42.40-1-768x960.jpeg 768w, https:\/\/defensoriarionegro.gov.ar\/drn\/wp-content\/uploads\/2026\/09\/WhatsApp-Image-2026-09-02-at-10.42.40-1.jpeg 1080w\" sizes=\"(max-width: 819px) 100vw, 819px\" \/><\/figure>\n\n\n\n<figure class=\"wp-block-image size-large\"><img decoding=\"async\" width=\"819\" height=\"1024\" data-id=\"14409\" src=\"https:\/\/defensoriarionegro.gov.ar\/drn\/wp-content\/uploads\/2026\/09\/WhatsApp-Image-2026-09-02-at-10.42.40-2-819x1024.jpeg\" alt=\"\" class=\"wp-image-14409\" srcset=\"https:\/\/defensoriarionegro.gov.ar\/drn\/wp-content\/uploads\/2026\/09\/WhatsApp-Image-2026-09-02-at-10.42.40-2-819x1024.jpeg 819w, https:\/\/defensoriarionegro.gov.ar\/drn\/wp-content\/uploads\/2026\/09\/WhatsApp-Image-2026-09-02-at-10.42.40-2-240x300.jpeg 240w, https:\/\/defensoriarionegro.gov.ar\/drn\/wp-content\/uploads\/2026\/09\/WhatsApp-Image-2026-09-02-at-10.42.40-2-768x960.jpeg 768w, https:\/\/defensoriarionegro.gov.ar\/drn\/wp-content\/uploads\/2026\/09\/WhatsApp-Image-2026-09-02-at-10.42.40-2.jpeg 1080w\" sizes=\"(max-width: 819px) 100vw, 819px\" \/><\/figure>\n\n\n\n<figure class=\"wp-block-image size-large\"><img loading=\"lazy\" decoding=\"async\" width=\"819\" height=\"1024\" data-id=\"14413\" src=\"https:\/\/defensoriarionegro.gov.ar\/drn\/wp-content\/uploads\/2026\/09\/WhatsApp-Image-2026-09-02-at-10.42.41-819x1024.jpeg\" alt=\"\" class=\"wp-image-14413\" srcset=\"https:\/\/defensoriarionegro.gov.ar\/drn\/wp-content\/uploads\/2026\/09\/WhatsApp-Image-2026-09-02-at-10.42.41-819x1024.jpeg 819w, https:\/\/defensoriarionegro.gov.ar\/drn\/wp-content\/uploads\/2026\/09\/WhatsApp-Image-2026-09-02-at-10.42.41-240x300.jpeg 240w, https:\/\/defensoriarionegro.gov.ar\/drn\/wp-content\/uploads\/2026\/09\/WhatsApp-Image-2026-09-02-at-10.42.41-768x960.jpeg 768w, https:\/\/defensoriarionegro.gov.ar\/drn\/wp-content\/uploads\/2026\/09\/WhatsApp-Image-2026-09-02-at-10.42.41.jpeg 1080w\" sizes=\"(max-width: 819px) 100vw, 819px\" \/><\/figure>\n\n\n\n<figure class=\"wp-block-image size-large\"><img loading=\"lazy\" decoding=\"async\" width=\"819\" height=\"1024\" data-id=\"14410\" src=\"https:\/\/defensoriarionegro.gov.ar\/drn\/wp-content\/uploads\/2026\/09\/WhatsApp-Image-2026-09-02-at-10.42.41-1-819x1024.jpeg\" alt=\"\" class=\"wp-image-14410\" srcset=\"https:\/\/defensoriarionegro.gov.ar\/drn\/wp-content\/uploads\/2026\/09\/WhatsApp-Image-2026-09-02-at-10.42.41-1-819x1024.jpeg 819w, https:\/\/defensoriarionegro.gov.ar\/drn\/wp-content\/uploads\/2026\/09\/WhatsApp-Image-2026-09-02-at-10.42.41-1-240x300.jpeg 240w, https:\/\/defensoriarionegro.gov.ar\/drn\/wp-content\/uploads\/2026\/09\/WhatsApp-Image-2026-09-02-at-10.42.41-1-768x960.jpeg 768w, https:\/\/defensoriarionegro.gov.ar\/drn\/wp-content\/uploads\/2026\/09\/WhatsApp-Image-2026-09-02-at-10.42.41-1.jpeg 1080w\" sizes=\"(max-width: 819px) 100vw, 819px\" \/><\/figure>\n\n\n\n<figure class=\"wp-block-image size-large\"><img loading=\"lazy\" decoding=\"async\" width=\"819\" height=\"1024\" data-id=\"14408\" src=\"https:\/\/defensoriarionegro.gov.ar\/drn\/wp-content\/uploads\/2026\/09\/WhatsApp-Image-2026-09-02-at-10.42.41-2-819x1024.jpeg\" alt=\"\" class=\"wp-image-14408\" srcset=\"https:\/\/defensoriarionegro.gov.ar\/drn\/wp-content\/uploads\/2026\/09\/WhatsApp-Image-2026-09-02-at-10.42.41-2-819x1024.jpeg 819w, https:\/\/defensoriarionegro.gov.ar\/drn\/wp-content\/uploads\/2026\/09\/WhatsApp-Image-2026-09-02-at-10.42.41-2-240x300.jpeg 240w, https:\/\/defensoriarionegro.gov.ar\/drn\/wp-content\/uploads\/2026\/09\/WhatsApp-Image-2026-09-02-at-10.42.41-2-768x960.jpeg 768w, https:\/\/defensoriarionegro.gov.ar\/drn\/wp-content\/uploads\/2026\/09\/WhatsApp-Image-2026-09-02-at-10.42.41-2.jpeg 1080w\" sizes=\"(max-width: 819px) 100vw, 819px\" \/><\/figure>\n\n\n\n<figure class=\"wp-block-image size-large\"><img loading=\"lazy\" decoding=\"async\" width=\"819\" height=\"1024\" data-id=\"14411\" src=\"https:\/\/defensoriarionegro.gov.ar\/drn\/wp-content\/uploads\/2026\/09\/WhatsApp-Image-2026-09-02-at-10.42.41-3-819x1024.jpeg\" alt=\"\" class=\"wp-image-14411\" srcset=\"https:\/\/defensoriarionegro.gov.ar\/drn\/wp-content\/uploads\/2026\/09\/WhatsApp-Image-2026-09-02-at-10.42.41-3-819x1024.jpeg 819w, https:\/\/defensoriarionegro.gov.ar\/drn\/wp-content\/uploads\/2026\/09\/WhatsApp-Image-2026-09-02-at-10.42.41-3-240x300.jpeg 240w, https:\/\/defensoriarionegro.gov.ar\/drn\/wp-content\/uploads\/2026\/09\/WhatsApp-Image-2026-09-02-at-10.42.41-3-768x960.jpeg 768w, https:\/\/defensoriarionegro.gov.ar\/drn\/wp-content\/uploads\/2026\/09\/WhatsApp-Image-2026-09-02-at-10.42.41-3.jpeg 1080w\" sizes=\"(max-width: 819px) 100vw, 819px\" \/><\/figure>\n\n\n\n<figure class=\"wp-block-image size-large\"><img loading=\"lazy\" decoding=\"async\" width=\"819\" height=\"1024\" data-id=\"14412\" src=\"https:\/\/defensoriarionegro.gov.ar\/drn\/wp-content\/uploads\/2026\/09\/WhatsApp-Image-2026-09-02-at-10.42.41-4-819x1024.jpeg\" alt=\"\" class=\"wp-image-14412\" srcset=\"https:\/\/defensoriarionegro.gov.ar\/drn\/wp-content\/uploads\/2026\/09\/WhatsApp-Image-2026-09-02-at-10.42.41-4-819x1024.jpeg 819w, https:\/\/defensoriarionegro.gov.ar\/drn\/wp-content\/uploads\/2026\/09\/WhatsApp-Image-2026-09-02-at-10.42.41-4-240x300.jpeg 240w, https:\/\/defensoriarionegro.gov.ar\/drn\/wp-content\/uploads\/2026\/09\/WhatsApp-Image-2026-09-02-at-10.42.41-4-768x960.jpeg 768w, https:\/\/defensoriarionegro.gov.ar\/drn\/wp-content\/uploads\/2026\/09\/WhatsApp-Image-2026-09-02-at-10.42.41-4.jpeg 1080w\" sizes=\"(max-width: 819px) 100vw, 819px\" \/><\/figure>\n<\/figure>\n","protected":false},"excerpt":{"rendered":"<p>El buen trato es un derecho fundamental para todas las personas. En espacios como centros de salud o de atenci\u00f3n al ciudadano, las leyes garantizan que se brinde un trato digno y emp\u00e1tico. Nadie debe insultarte, gritarte, humillarte ni hacerte da\u00f1o f\u00edsico o psicol\u00f3gico. Es un ida y vuelta. El paciente y sus acompa\u00f1antes tambi\u00e9n [&hellip;]<\/p>\n","protected":false},"author":4,"featured_media":14414,"comment_status":"closed","ping_status":"open","sticky":false,"template":"","format":"standard","meta":{"_jetpack_newsletter_access":"","_jetpack_dont_email_post_to_subs":false,"_jetpack_newsletter_tier_id":0,"_jetpack_memberships_contains_paywalled_content":false,"_jetpack_memberships_contains_paid_content":false,"_joinchat":[],"footnotes":""},"categories":[15],"tags":[],"class_list":["post-14404","post","type-post","status-publish","format-standard","has-post-thumbnail","hentry","category-campanas"],"jetpack_sharing_enabled":true,"jetpack_featured_media_url":"https:\/\/defensoriarionegro.gov.ar\/drn\/wp-content\/uploads\/2026\/09\/1F.jpeg","_links":{"self":[{"href":"https:\/\/defensoriarionegro.gov.ar\/drn\/wp-json\/wp\/v2\/posts\/14404","targetHints":{"allow":["GET"]}}],"collection":[{"href":"https:\/\/defensoriarionegro.gov.ar\/drn\/wp-json\/wp\/v2\/posts"}],"about":[{"href":"https:\/\/defensoriarionegro.gov.ar\/drn\/wp-json\/wp\/v2\/types\/post"}],"author":[{"embeddable":true,"href":"https:\/\/defensoriarionegro.gov.ar\/drn\/wp-json\/wp\/v2\/users\/4"}],"replies":[{"embeddable":true,"href":"https:\/\/defensoriarionegro.gov.ar\/drn\/wp-json\/wp\/v2\/comments?post=14404"}],"version-history":[{"count":3,"href":"https:\/\/defensoriarionegro.gov.ar\/drn\/wp-json\/wp\/v2\/posts\/14404\/revisions"}],"predecessor-version":[{"id":14418,"href":"https:\/\/defensoriarionegro.gov.ar\/drn\/wp-json\/wp\/v2\/posts\/14404\/revisions\/14418"}],"wp:featuredmedia":[{"embeddable":true,"href":"https:\/\/defensoriarionegro.gov.ar\/drn\/wp-json\/wp\/v2\/media\/14414"}],"wp:attachment":[{"href":"https:\/\/defensoriarionegro.gov.ar\/drn\/wp-json\/wp\/v2\/media?parent=14404"}],"wp:term":[{"taxonomy":"category","embeddable":true,"href":"https:\/\/defensoriarionegro.gov.ar\/drn\/wp-json\/wp\/v2\/categories?post=14404"},{"taxonomy":"post_tag","embeddable":true,"href":"https:\/\/defensoriarionegro.gov.ar\/drn\/wp-json\/wp\/v2\/tags?post=14404"}],"curies":[{"name":"wp","href":"https:\/\/api.w.org\/{rel}","templated":true}]}}