{"id":1948,"date":"2017-12-19T22:12:25","date_gmt":"2017-12-19T22:12:25","guid":{"rendered":"http:\/\/www.test.ianinabaffoni.com.ar\/?p=1494"},"modified":"2025-08-29T12:36:38","modified_gmt":"2025-08-29T15:36:38","slug":"la-defensoria-del-pueblo-entrego-a-la-legislatura-su-informe-anual-2017-2","status":"publish","type":"post","link":"https:\/\/defensoriarionegro.gov.ar\/drn\/la-defensoria-del-pueblo-entrego-a-la-legislatura-su-informe-anual-2017-2\/","title":{"rendered":"La Defensor\u00eda del Pueblo entreg\u00f3 a la Legislatura su Informe Anual  2017"},"content":{"rendered":"<p>Tal como lo establece el art\u00edculo 33 de la Ley K N\u00b0 2.756 que rige el funcionamiento de la Defensor\u00eda del Pueblo de R\u00edo Negro, las m\u00e1ximas autoridades del organismo, Adriana Santagati y C\u00e9sar Dom\u00ednguez, entregaron, el pasado jueves 30 de noviembre, a la Legislatura rionegrina, en tiempo y forma, lo trabajado durante el per\u00edodo correspondiente desde el 01 de noviembre de 2016 al 31 de octubre de 2017.<\/p>\n<div id='gallery-1' class='gallery galleryid-1948 gallery-columns-3 gallery-size-medium'><figure class='gallery-item'>\n\t\t\t<div class='gallery-icon portrait'>\n\t\t\t\t<img fetchpriority=\"high\" decoding=\"async\" width=\"169\" height=\"300\" src=\"https:\/\/defensoriarionegro.gov.ar\/drn\/wp-content\/uploads\/2017\/12\/Tapa-Informe-169x300.jpg\" class=\"attachment-medium size-medium\" alt=\"Informe anual 2016 - 2017\" srcset=\"https:\/\/defensoriarionegro.gov.ar\/drn\/wp-content\/uploads\/2017\/12\/Tapa-Informe-169x300.jpg 169w, https:\/\/defensoriarionegro.gov.ar\/drn\/wp-content\/uploads\/2017\/12\/Tapa-Informe-576x1024.jpg 576w, https:\/\/defensoriarionegro.gov.ar\/drn\/wp-content\/uploads\/2017\/12\/Tapa-Informe.jpg 720w\" sizes=\"(max-width: 169px) 100vw, 169px\" \/>\n\t\t\t<\/div><\/figure>\n\t\t<\/div>\n\n<p>El informe, presentado en formato libro, consta de 17 cap\u00edtulos y una introducci\u00f3n firmada por la defensora del pueblo y el defensor adjunto en donde expresan:<\/p>\n<p style=\"padding-left: 30px;\"><i>\u201cEl presente informe tiene la particularidad de abarcar el per\u00edodo en el que se materializ\u00f3 la renovaci\u00f3n de autoridades. Consideramos que el eje del trabajo de una instituci\u00f3n de garant\u00edas y derechos humanos, como es la Defensor\u00eda del Pueblo, debe ser la actuaci\u00f3n en equipo y desde ese lugar elaboramos el presente informe con la intenci\u00f3n de contribuir a mejorar las pol\u00edticas p\u00fablicas.<\/i><\/p>\n<p style=\"padding-left: 30px;\"><i>Las diversas tem\u00e1ticas sobre las que trabajamos, entre el 01 de noviembre de 2016 y el 31 de octubre de 2017, son abordadas de manera general y de manera particular en casos considerados relevantes. La metodolog\u00eda utilizada es el resultado del an\u00e1lisis de las autoridades con cada uno de los asesores de las diferentes \u00e1reas y el procesamiento de los datos estad\u00edsticos.<\/i><\/p>\n<p style=\"padding-left: 30px;\"><i>Con el objetivo de consolidar un modelo de actuaci\u00f3n eficiente y transparente,desde el inicio de la nueva gesti\u00f3n, se realiz\u00f3 un diagn\u00f3stico con las fortalezas y debilidades en t\u00e9rminos institucionales, de infraestructura, equipamiento, sistemas de comunicaci\u00f3n e informaci\u00f3n, recursos humanos, administraci\u00f3n y gesti\u00f3n.<\/i><\/p>\n<p style=\"padding-left: 30px;\"><i>Como consecuencia se mantienen abiertas cinco de las ocho delegaciones y al mismo tiempo se firm\u00f3 un convenio con el Poder Judicial de la provincia de R\u00edo Negro, a trav\u00e9s del cual la Defensor\u00eda del Pueblo ampl\u00eda las posibilidades de atenci\u00f3n en los Juzgados de Paz, Casas de Justicia y las Oficinas de Atenci\u00f3n al Ciudadano , sumando 49 puntos de atenci\u00f3n en toda la provincia. En estos \u00faltimos cinco meses se renov\u00f3 m\u00e1s de la mitad del equipamiento tecnol\u00f3gico; se trasladaron las oficinas de Cipolletti y San Carlos de Bariloche facilitando el acceso de los ciudadanos\/as; se habilit\u00f3 el 0800 de llamadas gratuitas y se proyecta: la puesta en funcionamiento de una aplicaci\u00f3n telef\u00f3nica, la remodelaci\u00f3n del acceso y atenci\u00f3n al p\u00fablico en el organismo central y el cambio de imagen institucional.<\/i><\/p>\n<p style=\"padding-left: 30px;\"><i>\u00a0Entendemos que la tarea de control no debe ser la incorporaci\u00f3n de obst\u00e1culos a la funci\u00f3n de gobernar, sino una forma de actuaci\u00f3n que, orientada por los derechos humanos, incida en la toma de decisi\u00f3n pol\u00edtica y su ejecuci\u00f3n, agotando los esfuerzos para perseverar en una gesti\u00f3n mediadora entre los ciudadanos y la administraci\u00f3n que resuelva los problemas de la gente. Por ello nos proponemos consolidar un modelo de Defensor\u00eda del Pueblo que cree puentes entre los ciudadanos y la administraci\u00f3n, que luche contra las inequidades y las injusticias, que corrija las deficiencias de la administraci\u00f3n, que fortalezca la convivencia y la democracia, brindando un servicio de calidad que promueva, proteja y defienda los derechos de todos los habitantes de la Provincia de R\u00edo Negro\u201d.<\/i><\/p>\n<p>Santagati adelant\u00f3 que solicitar\u00e1 al Presidente de la Legislatura, Pedro Pesatti, la posibilidad de brindar este informe de manera In Voce ante el Parlamento rionegrino, antes del pr\u00f3ximo 15 de diciembre.<\/p>\n","protected":false},"excerpt":{"rendered":"<p>Tal como lo establece el art\u00edculo 33 de la Ley K N\u00b0 2.756 que rige el funcionamiento de la Defensor\u00eda del Pueblo de R\u00edo Negro, las m\u00e1ximas autoridades del organismo, Adriana Santagati y C\u00e9sar Dom\u00ednguez, entregaron, el pasado jueves 30 de noviembre, a la Legislatura rionegrina, en tiempo y forma, lo trabajado durante el per\u00edodo [&hellip;]<\/p>\n","protected":false},"author":2,"featured_media":1644,"comment_status":"closed","ping_status":"open","sticky":false,"template":"","format":"standard","meta":{"_jetpack_memberships_contains_paid_content":false,"footnotes":""},"categories":[49],"tags":[56],"class_list":["post-1948","post","type-post","status-publish","format-standard","has-post-thumbnail","hentry","category-noticias","tag-informe-anual"],"jetpack_featured_media_url":"https:\/\/defensoriarionegro.gov.ar\/drn\/wp-content\/uploads\/2017\/12\/informe-1.jpg","jetpack_sharing_enabled":true,"_links":{"self":[{"href":"https:\/\/defensoriarionegro.gov.ar\/drn\/wp-json\/wp\/v2\/posts\/1948","targetHints":{"allow":["GET"]}}],"collection":[{"href":"https:\/\/defensoriarionegro.gov.ar\/drn\/wp-json\/wp\/v2\/posts"}],"about":[{"href":"https:\/\/defensoriarionegro.gov.ar\/drn\/wp-json\/wp\/v2\/types\/post"}],"author":[{"embeddable":true,"href":"https:\/\/defensoriarionegro.gov.ar\/drn\/wp-json\/wp\/v2\/users\/2"}],"replies":[{"embeddable":true,"href":"https:\/\/defensoriarionegro.gov.ar\/drn\/wp-json\/wp\/v2\/comments?post=1948"}],"version-history":[{"count":1,"href":"https:\/\/defensoriarionegro.gov.ar\/drn\/wp-json\/wp\/v2\/posts\/1948\/revisions"}],"predecessor-version":[{"id":12366,"href":"https:\/\/defensoriarionegro.gov.ar\/drn\/wp-json\/wp\/v2\/posts\/1948\/revisions\/12366"}],"wp:featuredmedia":[{"embeddable":true,"href":"https:\/\/defensoriarionegro.gov.ar\/drn\/wp-json\/wp\/v2\/media\/1644"}],"wp:attachment":[{"href":"https:\/\/defensoriarionegro.gov.ar\/drn\/wp-json\/wp\/v2\/media?parent=1948"}],"wp:term":[{"taxonomy":"category","embeddable":true,"href":"https:\/\/defensoriarionegro.gov.ar\/drn\/wp-json\/wp\/v2\/categories?post=1948"},{"taxonomy":"post_tag","embeddable":true,"href":"https:\/\/defensoriarionegro.gov.ar\/drn\/wp-json\/wp\/v2\/tags?post=1948"}],"curies":[{"name":"wp","href":"https:\/\/api.w.org\/{rel}","templated":true}]}}