{"id":1950,"date":"2017-12-22T17:53:29","date_gmt":"2017-12-22T17:53:29","guid":{"rendered":"http:\/\/www.test.ianinabaffoni.com.ar\/?p=1563"},"modified":"2025-08-29T12:36:01","modified_gmt":"2025-08-29T15:36:01","slug":"la-defensoria-del-pueblo-brindo-su-informe-in-voce-ante-la-legislatura-de-rio-negro","status":"publish","type":"post","link":"https:\/\/defensoriarionegro.gov.ar\/drn\/la-defensoria-del-pueblo-brindo-su-informe-in-voce-ante-la-legislatura-de-rio-negro\/","title":{"rendered":"La Defensor\u00eda del Pueblo brind\u00f3 su Informe In Voce ante la Legislatura de R\u00edo Negro"},"content":{"rendered":"<p>La Defensora del Pueblo, Adriana Santagati, y el Defensor Adjunto, C\u00e9sar Dom\u00ednguez, expusieron lo trabajado por el organismo de control durante el a\u00f1o 2017.<\/p>\n<p>Puedes descargar el informe desde el siguiente enlace:<\/p>\n<p><a href=\"http:\/\/www.test.ianinabaffoni.com.ar\/wp-content\/uploads\/2018\/01\/Informe-In-Voce-2016-2017.pdf\">Informe-In-Voce-2016-2017<\/a><\/p>\n","protected":false},"excerpt":{"rendered":"<p>La Defensora del Pueblo, Adriana Santagati, y el Defensor Adjunto, C\u00e9sar Dom\u00ednguez, expusieron lo trabajado por el organismo de control durante el a\u00f1o 2017. Puedes descargar el informe desde el siguiente enlace: Informe-In-Voce-2016-2017<\/p>\n","protected":false},"author":2,"featured_media":12082,"comment_status":"closed","ping_status":"open","sticky":false,"template":"","format":"standard","meta":{"_jetpack_memberships_contains_paid_content":false,"footnotes":""},"categories":[49],"tags":[56,61],"class_list":["post-1950","post","type-post","status-publish","format-standard","has-post-thumbnail","hentry","category-noticias","tag-informe-anual","tag-legislatura"],"jetpack_featured_media_url":"https:\/\/defensoriarionegro.gov.ar\/drn\/wp-content\/uploads\/2018\/01\/Equipo-In-Voce.jpg","jetpack_sharing_enabled":true,"_links":{"self":[{"href":"https:\/\/defensoriarionegro.gov.ar\/drn\/wp-json\/wp\/v2\/posts\/1950","targetHints":{"allow":["GET"]}}],"collection":[{"href":"https:\/\/defensoriarionegro.gov.ar\/drn\/wp-json\/wp\/v2\/posts"}],"about":[{"href":"https:\/\/defensoriarionegro.gov.ar\/drn\/wp-json\/wp\/v2\/types\/post"}],"author":[{"embeddable":true,"href":"https:\/\/defensoriarionegro.gov.ar\/drn\/wp-json\/wp\/v2\/users\/2"}],"replies":[{"embeddable":true,"href":"https:\/\/defensoriarionegro.gov.ar\/drn\/wp-json\/wp\/v2\/comments?post=1950"}],"version-history":[{"count":1,"href":"https:\/\/defensoriarionegro.gov.ar\/drn\/wp-json\/wp\/v2\/posts\/1950\/revisions"}],"predecessor-version":[{"id":12363,"href":"https:\/\/defensoriarionegro.gov.ar\/drn\/wp-json\/wp\/v2\/posts\/1950\/revisions\/12363"}],"wp:featuredmedia":[{"embeddable":true,"href":"https:\/\/defensoriarionegro.gov.ar\/drn\/wp-json\/wp\/v2\/media\/12082"}],"wp:attachment":[{"href":"https:\/\/defensoriarionegro.gov.ar\/drn\/wp-json\/wp\/v2\/media?parent=1950"}],"wp:term":[{"taxonomy":"category","embeddable":true,"href":"https:\/\/defensoriarionegro.gov.ar\/drn\/wp-json\/wp\/v2\/categories?post=1950"},{"taxonomy":"post_tag","embeddable":true,"href":"https:\/\/defensoriarionegro.gov.ar\/drn\/wp-json\/wp\/v2\/tags?post=1950"}],"curies":[{"name":"wp","href":"https:\/\/api.w.org\/{rel}","templated":true}]}}