{"id":1979,"date":"2018-04-06T16:23:58","date_gmt":"2018-04-06T16:23:58","guid":{"rendered":"http:\/\/www.test.ianinabaffoni.com.ar\/?p=1979"},"modified":"2025-08-29T12:32:05","modified_gmt":"2025-08-29T15:32:05","slug":"santagati-insto-a-edersa-a-efectivizar-la-conexion-de-la-red-de-distribucion-de-energia-a-la-nueva-estacion-transformadora","status":"publish","type":"post","link":"https:\/\/defensoriarionegro.gov.ar\/drn\/santagati-insto-a-edersa-a-efectivizar-la-conexion-de-la-red-de-distribucion-de-energia-a-la-nueva-estacion-transformadora\/","title":{"rendered":"Santagati inst\u00f3 a EDERSA a efectivizar la conexi\u00f3n de la red de distribuci\u00f3n de energ\u00eda a la nueva Estaci\u00f3n Transformadora"},"content":{"rendered":"<p>La defensora del pueblo, Adriana Santagati, inst\u00f3 a EDERSA S.A arbitre las medidas que resulten necesarias para hacer efectiva la conexi\u00f3n de la red de distribuci\u00f3n a su cargo a la nueva Estaci\u00f3n Transformadora de la compa\u00f1\u00eda Transportista Transcomahue S.A., ubicada en la localidad de General Roca, as\u00ed como a prever un plan de contingencia para poder hacer frente a eventuales incidentes que tengan lugar durante el traspaso.<\/p>\n<p>La Resoluci\u00f3n\u00a0de Recomendaci\u00f3n surge como consecuencia de una actuaci\u00f3n de oficio promovida por\u00a0la Defensor\u00eda\u00a0del Pueblo a ra\u00edz de los cortes de energ\u00eda generalizados en las localidades de General Roca, Cervantes y Viedma durante el pasado 5 de febrero, a los que se a\u00f1ade el ocurrido el \u00faltimo fin de semana en la capital provincial.<\/p>\n<p>El resultado de la investigaci\u00f3n demostr\u00f3 que la falta de inversiones por parte de EDERSA S.A. atenta contra el normal suministro de un servicio de especial importancia para la poblaci\u00f3n.<\/p>\n<p>Desde el \u00f3rgano de control se reiter\u00f3 que los servicios p\u00fablicos deben prestarse de forma continua, regular, uniforme, general y obligatoria para evitar vulnerar los derechos de los consumidores, cumpliendo con los principios de calidad y eficiencia\u00a0establecidos\u00a0en el Art. 42 de\u00a0la Constituci\u00f3n Nacional\u00a0y normas vigentes.<\/p>\n<p class=\"m_7957643544176427969m_6613303963332695318m_-3180473828402341369m_-3576940050069042721m_6963379704430932730m_2413307401962763423m_1045697211535586587m_8100702871681790970gmail-xmsonormal\">El objetivo de\u00a0la Recomendaci\u00f3n\u00a0es instar a la empresa distribuidora para que cumpla con las inversiones necesarias que garanticen el abastecimiento\u00a0regular del servicio a los usuarios y eviten\u00a0 la repetici\u00f3n de incidentes como los que motivaron las presentes actuaciones.<\/p>\n<p>Finalmente, la defensora del pueblo instruy\u00f3 para que se ponga\u00a0en conocimiento de las respuestas recibidas y de la presente Resoluci\u00f3n de Recomendaci\u00f3n al Sr. Procurador General de\u00a0la Provincia\u00a0de R\u00edo Negro quien, en su oportunidad, mantuvo un encuentro con Santagati donde abordaron la problem\u00e1tica.<\/p>\n","protected":false},"excerpt":{"rendered":"<p>La defensora del pueblo, Adriana Santagati, inst\u00f3 a EDERSA S.A arbitre las medidas que resulten necesarias para hacer efectiva la conexi\u00f3n de la red de distribuci\u00f3n a su cargo a la nueva Estaci\u00f3n Transformadora de la compa\u00f1\u00eda Transportista Transcomahue S.A., ubicada en la localidad de General Roca, as\u00ed como a prever un plan de contingencia [&hellip;]<\/p>\n","protected":false},"author":2,"featured_media":12084,"comment_status":"closed","ping_status":"open","sticky":false,"template":"","format":"standard","meta":{"_jetpack_memberships_contains_paid_content":false,"footnotes":""},"categories":[49],"tags":[76,28],"class_list":["post-1979","post","type-post","status-publish","format-standard","has-post-thumbnail","hentry","category-noticias","tag-electricidad","tag-servicios-publicos"],"jetpack_featured_media_url":"https:\/\/defensoriarionegro.gov.ar\/drn\/wp-content\/uploads\/2018\/02\/edersa-imagen-330x248-1.jpg","jetpack_sharing_enabled":true,"_links":{"self":[{"href":"https:\/\/defensoriarionegro.gov.ar\/drn\/wp-json\/wp\/v2\/posts\/1979","targetHints":{"allow":["GET"]}}],"collection":[{"href":"https:\/\/defensoriarionegro.gov.ar\/drn\/wp-json\/wp\/v2\/posts"}],"about":[{"href":"https:\/\/defensoriarionegro.gov.ar\/drn\/wp-json\/wp\/v2\/types\/post"}],"author":[{"embeddable":true,"href":"https:\/\/defensoriarionegro.gov.ar\/drn\/wp-json\/wp\/v2\/users\/2"}],"replies":[{"embeddable":true,"href":"https:\/\/defensoriarionegro.gov.ar\/drn\/wp-json\/wp\/v2\/comments?post=1979"}],"version-history":[{"count":1,"href":"https:\/\/defensoriarionegro.gov.ar\/drn\/wp-json\/wp\/v2\/posts\/1979\/revisions"}],"predecessor-version":[{"id":12351,"href":"https:\/\/defensoriarionegro.gov.ar\/drn\/wp-json\/wp\/v2\/posts\/1979\/revisions\/12351"}],"wp:featuredmedia":[{"embeddable":true,"href":"https:\/\/defensoriarionegro.gov.ar\/drn\/wp-json\/wp\/v2\/media\/12084"}],"wp:attachment":[{"href":"https:\/\/defensoriarionegro.gov.ar\/drn\/wp-json\/wp\/v2\/media?parent=1979"}],"wp:term":[{"taxonomy":"category","embeddable":true,"href":"https:\/\/defensoriarionegro.gov.ar\/drn\/wp-json\/wp\/v2\/categories?post=1979"},{"taxonomy":"post_tag","embeddable":true,"href":"https:\/\/defensoriarionegro.gov.ar\/drn\/wp-json\/wp\/v2\/tags?post=1979"}],"curies":[{"name":"wp","href":"https:\/\/api.w.org\/{rel}","templated":true}]}}