{"id":3068,"date":"2018-12-21T16:04:45","date_gmt":"2018-12-21T16:04:45","guid":{"rendered":"http:\/\/defensoriarionegro.gov.ar\/drn\/?p=3068"},"modified":"2025-08-29T12:30:48","modified_gmt":"2025-08-29T15:30:48","slug":"santagati-expuso-en-la-audiencia-publica-por-el-plan-director-del-sistema-de-desagues-cloacales-de-viedma","status":"publish","type":"post","link":"https:\/\/defensoriarionegro.gov.ar\/drn\/santagati-expuso-en-la-audiencia-publica-por-el-plan-director-del-sistema-de-desagues-cloacales-de-viedma\/","title":{"rendered":"Santagati expuso en la Audiencia P\u00fablica por la ejecuci\u00f3n del Plan Director del Sistema de Desag\u00fces Cloacales de Viedma"},"content":{"rendered":"<p><em>\u00a0\u201cEs mucho m\u00e1s que una obra de infraestructura. Implica el reconocimiento del derecho humano al saneamiento y a un ambiente sano y representa la oportunidad para formular un plan de desarrollo de la ciudad junto a un conjunto de acciones de car\u00e1cter socio-ambientales y urban\u00edsticas de manera integral que acompa\u00f1en el crecimiento de la ciudad\u201d.<\/em> As\u00ed lo expres\u00f3 la defensora del pueblo, Adriana Santagati, durante la audiencia p\u00fablica referida a la ejecuci\u00f3n del Plan Director del Sistema de Desag\u00fces Cloacales de Viedma celebrada hoy en la ciudad capital.<\/p>\n<p>Santagati comenz\u00f3 su alocuci\u00f3n diciendo que \u201cel crecimiento demogr\u00e1fico y la expansi\u00f3n de la ciudad de Viedma hace imprescindible contar con una nueva planta de tratamientos cloacales que garantice un adecuado manejo de los efluentes residuales y limite la contaminaci\u00f3n ambiental. En este sentido, adelantamos nuestro apoyo al Plan Director y ponemos de relieve el sistema de vertido cero que descargar\u00e1 los efluentes tratados para ser destinados a un sistema de riego\u201d.<\/p>\n<p>Resalt\u00f3 por otra parte que \u201cconsideramos que llevar a cabo una gesti\u00f3n exitosa de un proyecto de saneamiento de esta envergadura necesita de una perspectiva estrat\u00e9gica que incluya\u00a0 una planificaci\u00f3n urbana desde el gobierno local,\u00a0 para dotar de integralidad, equidad y sostenibilidad el proyecto que hoy se pone en debate\u201d.<\/p>\n<p>De forma espec\u00edfica mencion\u00f3 que \u201ces imprescindible la zonificaci\u00f3n y regulaci\u00f3n de usos de suelo con la definici\u00f3n de la Zona de Amortiguaci\u00f3n a la redonda del sitio donde se ubique la nueva planta de tratamientos cloacales a fin de evitar problemas ambientales,\u00a0 porque se trata de sanear el agua del cauce del R\u00edo Negro y de resolver el servicio de saneamiento de la ciudad\u201d.\u00a0Tambi\u00e9n mencion\u00f3 la importancia que tiene incluir la gesti\u00f3n de residuos s\u00f3lidos urbanos y que se incorpore la soluci\u00f3n para los problemas que presentan los planes de viviendas FONAVI.<\/p>\n<p>Adem\u00e1s, la defensora del pueblo hizo referencia a la necesidad de conocer el destino que tendr\u00e1 la actual planta una vez finalicen las obras enmarcadas en el Plan Director, en atenci\u00f3n a la salud del r\u00edo, y recibir informaci\u00f3n sobre c\u00f3mo se proyecta la remediaci\u00f3n en caso de ser anulada.<\/p>\n<p>Destac\u00f3\u00a0 que \u201ces imperioso adoptar medidas eficaces para impedir la degradaci\u00f3n del ambiente\u201d y, en este sentido, destac\u00f3 que\u00a0\u00a0 \u201csolicitamos a la Secretar\u00eda de Ambiente una observancia precisa y un control exhaustivo del plan de gesti\u00f3n ambiental durante todo el desarrollo de la obra y durante su funcionamiento que incluya el monitoreo en sus diferentes aspectos: control del aire, del suelo, etc.\u201d. Adem\u00e1s, indic\u00f3 que desde la DPRN se realizar\u00e1 el monitoreo de los organismos involucrados.<\/p>\n<p>En el a\u00f1o 2010, la Asamblea General de Naciones Unidas Res. 64-292 declar\u00f3 el derecho humano al agua y al saneamiento como un derecho humano esencial para el pleno disfrute de la vida y de todos los derechos humanos. Por su parte la Corte Suprema de Justicia de la Naci\u00f3n en el fallo \u201cKersich\u201d de 2014, sostuvo que el agua es un componente del bien colectivo ambiente y que existe un derecho humano esencial al agua y al saneamiento.<\/p>\n<p>\u201cEste cambio de paradigma enfoca al agua y al saneamiento como un bien colectivo y un derecho humano antes que un servicio p\u00fablico\u201dm expres\u00f3 Santagati y consider\u00f3 que \u201creconocer el saneamiento como un derecho humano lo convierte en titularidad legal y no en caridad\u201d.<\/p>\n<p>Al final de su exposici\u00f3n la defensora del pueblo se\u00f1al\u00f3: \u201cEs necesario comprender que el Plan Director para la ciudad de Viedma es mucho m\u00e1s que una obra de infraestructura. Implica el reconocimiento del derecho humano al saneamiento y a un ambiente sano y representa la oportunidad para formular un plan de desarrollo de la ciudad junto a un conjunto de acciones de car\u00e1cter socio-ambientales y urban\u00edsticas de manera integral que acompa\u00f1en el crecimiento de la ciudad\u201d.<\/p>\n","protected":false},"excerpt":{"rendered":"<p>\u00a0\u201cEs mucho m\u00e1s que una obra de infraestructura. Implica el reconocimiento del derecho humano al saneamiento y a un ambiente sano y representa la oportunidad para formular un plan de desarrollo de la ciudad junto a un conjunto de acciones de car\u00e1cter socio-ambientales y urban\u00edsticas de manera integral que acompa\u00f1en el crecimiento de la ciudad\u201d. [&hellip;]<\/p>\n","protected":false},"author":2,"featured_media":3069,"comment_status":"closed","ping_status":"open","sticky":false,"template":"","format":"standard","meta":{"_jetpack_memberships_contains_paid_content":false,"footnotes":""},"categories":[49],"tags":[87,88,28],"class_list":["post-3068","post","type-post","status-publish","format-standard","has-post-thumbnail","hentry","category-noticias","tag-cloacas","tag-desagues","tag-servicios-publicos"],"jetpack_featured_media_url":"https:\/\/defensoriarionegro.gov.ar\/drn\/wp-content\/uploads\/2018\/12\/Audiencia-Publica-Viedma.jpg","jetpack_sharing_enabled":true,"_links":{"self":[{"href":"https:\/\/defensoriarionegro.gov.ar\/drn\/wp-json\/wp\/v2\/posts\/3068","targetHints":{"allow":["GET"]}}],"collection":[{"href":"https:\/\/defensoriarionegro.gov.ar\/drn\/wp-json\/wp\/v2\/posts"}],"about":[{"href":"https:\/\/defensoriarionegro.gov.ar\/drn\/wp-json\/wp\/v2\/types\/post"}],"author":[{"embeddable":true,"href":"https:\/\/defensoriarionegro.gov.ar\/drn\/wp-json\/wp\/v2\/users\/2"}],"replies":[{"embeddable":true,"href":"https:\/\/defensoriarionegro.gov.ar\/drn\/wp-json\/wp\/v2\/comments?post=3068"}],"version-history":[{"count":1,"href":"https:\/\/defensoriarionegro.gov.ar\/drn\/wp-json\/wp\/v2\/posts\/3068\/revisions"}],"predecessor-version":[{"id":12348,"href":"https:\/\/defensoriarionegro.gov.ar\/drn\/wp-json\/wp\/v2\/posts\/3068\/revisions\/12348"}],"wp:featuredmedia":[{"embeddable":true,"href":"https:\/\/defensoriarionegro.gov.ar\/drn\/wp-json\/wp\/v2\/media\/3069"}],"wp:attachment":[{"href":"https:\/\/defensoriarionegro.gov.ar\/drn\/wp-json\/wp\/v2\/media?parent=3068"}],"wp:term":[{"taxonomy":"category","embeddable":true,"href":"https:\/\/defensoriarionegro.gov.ar\/drn\/wp-json\/wp\/v2\/categories?post=3068"},{"taxonomy":"post_tag","embeddable":true,"href":"https:\/\/defensoriarionegro.gov.ar\/drn\/wp-json\/wp\/v2\/tags?post=3068"}],"curies":[{"name":"wp","href":"https:\/\/api.w.org\/{rel}","templated":true}]}}