{"id":3148,"date":"2019-01-25T14:21:32","date_gmt":"2019-01-25T14:21:32","guid":{"rendered":"http:\/\/defensoriarionegro.gov.ar\/drn\/?p=3148"},"modified":"2025-08-29T12:29:51","modified_gmt":"2025-08-29T15:29:51","slug":"audiencia-publica-por-apertura-de-centros-de-gestion-de-edersa-en-gral-fernandez-oro-e-ingeniero-huergo","status":"publish","type":"post","link":"https:\/\/defensoriarionegro.gov.ar\/drn\/audiencia-publica-por-apertura-de-centros-de-gestion-de-edersa-en-gral-fernandez-oro-e-ingeniero-huergo\/","title":{"rendered":"Audiencia P\u00fablica por Apertura de Centros de Gesti\u00f3n de EDERSA en Gral. Fern\u00e1ndez Oro e Ingeniero Huergo"},"content":{"rendered":"<p>El defensor del pueblo adjunto C\u00e9sar Dom\u00ednguez particip\u00f3 de la audiencia p\u00fablica en representaci\u00f3n de las personas, las familias usuarias de un servicio p\u00fablico esencial como es la energ\u00eda el\u00e9ctrica.<\/p>\n<p>En los d\u00edas precedentes trascendi\u00f3 en los medios de comunicaci\u00f3n la reiterada pretensi\u00f3n de recomposici\u00f3n tarifaria de la Empresa, llegando incluso a solicitar la intervenci\u00f3n de un auditor externo. Tambi\u00e9n trascendi\u00f3 la abultada deuda que la empresa mantiene con la mayorista Cammesa. Sin embargo, la Defensor\u00eda del Pueblo sostiene que debe existir una relaci\u00f3n directa entre lo que se paga y la calidad del servicio que se brinda, tal como lo establece el contrato de concesi\u00f3n. Son evidentes los incumplimientos de la empresa distribuidora, por mencionar algunos: cortes imprevistos, falta de atenci\u00f3n de reclamos, falta de inversiones, p\u00e9simos canales de comunicaci\u00f3n para resolver problemas, etc.<\/p>\n<p>En funci\u00f3n de lo anterior y del monitoreo que se realiza desde la Defensor\u00eda del Pueblo, Dom\u00ednguez expres\u00f3 el reconocimiento el trabajo del Ente Regulador en defensa de los usuarios y consumidores, exigiendo las inversiones y consecuente calidad del servicio.<\/p>\n<blockquote><p><em>\u201cEn este marco, ante el evidente d\u00e9ficit de atenci\u00f3n y en nombre de quienes representamos, consideramos adecuada la decisi\u00f3n del Ente Regulador de instar a la distribuidora la apertura de centros de centros de atenci\u00f3n que contribuyan a dar respuesta a las demandas de los vecinos y vecinas de las localidades de Fern\u00e1ndez Oro e Ing. Huergo\u201d\u00a0<\/em>concluy\u00f3 Dom\u00ednguez<em>.<\/em><\/p><\/blockquote>\n","protected":false},"excerpt":{"rendered":"<p>El defensor del pueblo adjunto C\u00e9sar Dom\u00ednguez particip\u00f3 de la audiencia p\u00fablica en representaci\u00f3n de las personas, las familias usuarias de un servicio p\u00fablico esencial como es la energ\u00eda el\u00e9ctrica. En los d\u00edas precedentes trascendi\u00f3 en los medios de comunicaci\u00f3n la reiterada pretensi\u00f3n de recomposici\u00f3n tarifaria de la Empresa, llegando incluso a solicitar la intervenci\u00f3n [&hellip;]<\/p>\n","protected":false},"author":2,"featured_media":3151,"comment_status":"closed","ping_status":"open","sticky":false,"template":"","format":"standard","meta":{"_jetpack_memberships_contains_paid_content":false,"footnotes":""},"categories":[49],"tags":[95,96,97],"class_list":["post-3148","post","type-post","status-publish","format-standard","has-post-thumbnail","hentry","category-noticias","tag-audiencia-publica","tag-epre","tag-fernandez-oro"],"jetpack_featured_media_url":"https:\/\/defensoriarionegro.gov.ar\/drn\/wp-content\/uploads\/2019\/01\/Cesar-Dominguez-en-Audiencia-publica-fernandez-oro.jpg","jetpack_sharing_enabled":true,"_links":{"self":[{"href":"https:\/\/defensoriarionegro.gov.ar\/drn\/wp-json\/wp\/v2\/posts\/3148","targetHints":{"allow":["GET"]}}],"collection":[{"href":"https:\/\/defensoriarionegro.gov.ar\/drn\/wp-json\/wp\/v2\/posts"}],"about":[{"href":"https:\/\/defensoriarionegro.gov.ar\/drn\/wp-json\/wp\/v2\/types\/post"}],"author":[{"embeddable":true,"href":"https:\/\/defensoriarionegro.gov.ar\/drn\/wp-json\/wp\/v2\/users\/2"}],"replies":[{"embeddable":true,"href":"https:\/\/defensoriarionegro.gov.ar\/drn\/wp-json\/wp\/v2\/comments?post=3148"}],"version-history":[{"count":1,"href":"https:\/\/defensoriarionegro.gov.ar\/drn\/wp-json\/wp\/v2\/posts\/3148\/revisions"}],"predecessor-version":[{"id":12344,"href":"https:\/\/defensoriarionegro.gov.ar\/drn\/wp-json\/wp\/v2\/posts\/3148\/revisions\/12344"}],"wp:featuredmedia":[{"embeddable":true,"href":"https:\/\/defensoriarionegro.gov.ar\/drn\/wp-json\/wp\/v2\/media\/3151"}],"wp:attachment":[{"href":"https:\/\/defensoriarionegro.gov.ar\/drn\/wp-json\/wp\/v2\/media?parent=3148"}],"wp:term":[{"taxonomy":"category","embeddable":true,"href":"https:\/\/defensoriarionegro.gov.ar\/drn\/wp-json\/wp\/v2\/categories?post=3148"},{"taxonomy":"post_tag","embeddable":true,"href":"https:\/\/defensoriarionegro.gov.ar\/drn\/wp-json\/wp\/v2\/tags?post=3148"}],"curies":[{"name":"wp","href":"https:\/\/api.w.org\/{rel}","templated":true}]}}