{"id":3161,"date":"2019-01-29T12:13:07","date_gmt":"2019-01-29T12:13:07","guid":{"rendered":"http:\/\/defensoriarionegro.gov.ar\/drn\/?p=3161"},"modified":"2025-08-29T12:29:13","modified_gmt":"2025-08-29T15:29:13","slug":"tarifa-social-de-electricidad","status":"publish","type":"post","link":"https:\/\/defensoriarionegro.gov.ar\/drn\/tarifa-social-de-electricidad\/","title":{"rendered":"Tarifa social de Electricidad"},"content":{"rendered":"<p>La\u00a0 defensora Santagati se comunic\u00f3 con autoridades del EPRE por la posible eliminaci\u00f3n de la tarifa social,\u00a0 a partir de la quita de subsidios de parte del Poder Ejecutivo Nacional.<\/p>\n<p>Recordemos que se trata de un beneficio que alcanza a los sectores de mayor vulnerabilidad social: jubilados y pensionados, personas con discapacidad, ex combatientes de Malvinas, entre otros.<\/p>\n<p>Quienes pagan la tarifa social\u00a0 abonan los primeros 150 kilovatios hora (kWh) a precio 0; los segundos 150, al 50% y el excedente a tarifa plena. Adem\u00e1s,\u00a0 existen planes de est\u00edmulo para los usuarios que demuestran ahorro en el consumo, los que se benefician con una reducci\u00f3n del 20% del precio.<\/p>\n<p>De acuerdo a la informaci\u00f3n suministrada por el EPRE el consumo del mes de enero, que se facturar\u00e1 en febrero, incluir\u00e1 el beneficio ya que es parte del cuadro tarifario trimestral aprobado en noviembre.<\/p>\n<p>Adem\u00e1s, seg\u00fan lo informado por el Ing. N\u00e9stor P\u00e9rez, el Poder Ejecutivo se encuentra ocupado realizando una serie de estudios y an\u00e1lisis econ\u00f3micos para resolver este tema.<\/p>\n","protected":false},"excerpt":{"rendered":"<p>La\u00a0 defensora Santagati se comunic\u00f3 con autoridades del EPRE por la posible eliminaci\u00f3n de la tarifa social,\u00a0 a partir de la quita de subsidios de parte del Poder Ejecutivo Nacional. Recordemos que se trata de un beneficio que alcanza a los sectores de mayor vulnerabilidad social: jubilados y pensionados, personas con discapacidad, ex combatientes de [&hellip;]<\/p>\n","protected":false},"author":2,"featured_media":3162,"comment_status":"closed","ping_status":"open","sticky":false,"template":"","format":"standard","meta":{"_jetpack_memberships_contains_paid_content":false,"footnotes":""},"categories":[49],"tags":[76,96,28],"class_list":["post-3161","post","type-post","status-publish","format-standard","has-post-thumbnail","hentry","category-noticias","tag-electricidad","tag-epre","tag-servicios-publicos"],"jetpack_featured_media_url":"https:\/\/defensoriarionegro.gov.ar\/drn\/wp-content\/uploads\/2019\/01\/luz-energia-electrica.jpg","jetpack_sharing_enabled":true,"_links":{"self":[{"href":"https:\/\/defensoriarionegro.gov.ar\/drn\/wp-json\/wp\/v2\/posts\/3161","targetHints":{"allow":["GET"]}}],"collection":[{"href":"https:\/\/defensoriarionegro.gov.ar\/drn\/wp-json\/wp\/v2\/posts"}],"about":[{"href":"https:\/\/defensoriarionegro.gov.ar\/drn\/wp-json\/wp\/v2\/types\/post"}],"author":[{"embeddable":true,"href":"https:\/\/defensoriarionegro.gov.ar\/drn\/wp-json\/wp\/v2\/users\/2"}],"replies":[{"embeddable":true,"href":"https:\/\/defensoriarionegro.gov.ar\/drn\/wp-json\/wp\/v2\/comments?post=3161"}],"version-history":[{"count":1,"href":"https:\/\/defensoriarionegro.gov.ar\/drn\/wp-json\/wp\/v2\/posts\/3161\/revisions"}],"predecessor-version":[{"id":12343,"href":"https:\/\/defensoriarionegro.gov.ar\/drn\/wp-json\/wp\/v2\/posts\/3161\/revisions\/12343"}],"wp:featuredmedia":[{"embeddable":true,"href":"https:\/\/defensoriarionegro.gov.ar\/drn\/wp-json\/wp\/v2\/media\/3162"}],"wp:attachment":[{"href":"https:\/\/defensoriarionegro.gov.ar\/drn\/wp-json\/wp\/v2\/media?parent=3161"}],"wp:term":[{"taxonomy":"category","embeddable":true,"href":"https:\/\/defensoriarionegro.gov.ar\/drn\/wp-json\/wp\/v2\/categories?post=3161"},{"taxonomy":"post_tag","embeddable":true,"href":"https:\/\/defensoriarionegro.gov.ar\/drn\/wp-json\/wp\/v2\/tags?post=3161"}],"curies":[{"name":"wp","href":"https:\/\/api.w.org\/{rel}","templated":true}]}}