{"id":3250,"date":"2019-02-13T21:42:45","date_gmt":"2019-02-13T21:42:45","guid":{"rendered":"http:\/\/defensoriarionegro.gov.ar\/drn\/?p=3250"},"modified":"2025-08-29T12:26:24","modified_gmt":"2025-08-29T15:26:24","slug":"reunion-con-las-autoridades-del-enargas","status":"publish","type":"post","link":"https:\/\/defensoriarionegro.gov.ar\/drn\/reunion-con-las-autoridades-del-enargas\/","title":{"rendered":"Reuni\u00f3n con las autoridades del ENARGAS"},"content":{"rendered":"<p><span style=\"font-style: inherit; font-weight: inherit;\">13 de febrero- Las defensora Adriana Santagati junto a sus pares integrantes de la Asociaci\u00f3n de Defensores del Pueblo participaron, en Buenos Aires, de un encuentro convocado por la\u00a0Gerencia de Regulaci\u00f3n y Gesti\u00f3n Comercial del Ente Nacional Regulador del Gas (ENARGAS).<\/span><\/p>\n<p>En la oportunidad se expusieron diversos aspectos de los reg\u00edmenes tarifarios diferenciales que incluy\u00f3 la tarifa social, el r\u00e9gimen tarifario espec\u00edfico para entidades de bienes p\u00fablicos y el r\u00e9gimen para micro, peque\u00f1as y medianas empresas (MiPyME).<\/p>\n<p><span style=\"font-style: inherit; font-weight: inherit;\">Respecto a la tarifa social se plante\u00f3 la necesidad de revisar los criterios de inclusi\u00f3n y exclusi\u00f3n; de aumentar los rangos de consumo actualmente destinados a dicha tarifa y la razonabilidad en los tiempos de respuesta de los reclamos vinculados a las tarifas diferenciales, as\u00ed como la accesibilidad para reclamar. Esto \u00faltimo fue planteado por la defensora Santagati, ya que \u00a0en R\u00edo Negro s\u00f3lo existe un solo centro regional de atenci\u00f3n de Enargas en San Carlos de Bariloche.<\/span><\/p>\n<p><span style=\"font-style: inherit; font-weight: inherit;\">Los defensores ratificaron, tal como lo vienen haciendo en todas las audiencias p\u00fablicas, que:<br \/>\n-El acceso a servicios p\u00fablicos esenciales de energ\u00eda son un derecho b\u00e1sico para la efectiva realizaci\u00f3n de los derechos humanos .<br \/>\n-Conforme los principios de proporcionalidad, progresividad, razonabilidad y no confiscatoriedad, sentados por la CSJN, las tarifas deben ser justas, adecuadas y razonables. Por ende, los incrementos en las tarifas no pueden estar sujetos a la libertad de mercado sino que deben tener en cuenta las incrementos salariales y posibilidades reales de los ciudadanos.<br \/>\n-Insistieron en que debe ampliarse la tarifa social del servicio de gas para que puedan acceder todos los que se encuentren en una situaci\u00f3n de vulnerabilidad.<br \/>\n-Deben atenderse la especial y cr\u00edtica situaci\u00f3n que atraviesan las peque\u00f1as y medianas empresas (MiPyME) y en particular las entidades de bien p\u00fablico y los clubes de barrio que hoy atraviesan extremas dificultades para afrontar el pago de tarifas.<\/span><\/p>\n<p><span style=\"font-style: inherit; font-weight: inherit;\"><u>Subasta de Gas en Boca de Pozo<\/u><\/span><\/p>\n<p><span style=\"font-style: inherit; font-weight: inherit;\"><br \/>\nEl presidente del ENARGAS, Mauricio Roitman, indic\u00f3 que el valor del gas en boca de pozo (BTU) ser\u00e1 fijado en una subasta p\u00fablica que se realizar\u00e1 los d\u00edas 14 y 15 de febrero. Asimismo, afirm\u00f3 que \u201csalvo que exista algo extra\u00f1o que el ENARGAS deber\u00e1 demostrar, el valor que surja de la subasta ir\u00e1 a las tarifas\u201d.<\/span><\/p>\n<p><span style=\"font-style: inherit; font-weight: inherit;\">Los Defensores del Pueblo valoraron la transparencia que surge de un acto como la subasta p\u00fablica, aunque manifestaron su preocupaci\u00f3n, ya que esta nueva posici\u00f3n del Ente Regulador podr\u00eda representar un retiro o desatenci\u00f3n del Estado en la composici\u00f3n de las tarifas, teniendo en cuenta\u00a0\u00a0que el gas en boca de pozo es la variable de mayor incidencia en la factura que llega a los usuarios.<\/span><\/p>\n","protected":false},"excerpt":{"rendered":"<p>13 de febrero- Las defensora Adriana Santagati junto a sus pares integrantes de la Asociaci\u00f3n de Defensores del Pueblo participaron, en Buenos Aires, de un encuentro convocado por la\u00a0Gerencia de Regulaci\u00f3n y Gesti\u00f3n Comercial del Ente Nacional Regulador del Gas (ENARGAS). En la oportunidad se expusieron diversos aspectos de los reg\u00edmenes tarifarios diferenciales que incluy\u00f3 [&hellip;]<\/p>\n","protected":false},"author":2,"featured_media":3251,"comment_status":"closed","ping_status":"open","sticky":false,"template":"","format":"standard","meta":{"_jetpack_memberships_contains_paid_content":false,"footnotes":""},"categories":[49],"tags":[99,52,28],"class_list":["post-3250","post","type-post","status-publish","format-standard","has-post-thumbnail","hentry","category-noticias","tag-enargas","tag-gas","tag-servicios-publicos"],"jetpack_featured_media_url":"https:\/\/defensoriarionegro.gov.ar\/drn\/wp-content\/uploads\/2019\/02\/Santagati-en-el-ENARGAS-Bs.-As.jpg","jetpack_sharing_enabled":true,"_links":{"self":[{"href":"https:\/\/defensoriarionegro.gov.ar\/drn\/wp-json\/wp\/v2\/posts\/3250","targetHints":{"allow":["GET"]}}],"collection":[{"href":"https:\/\/defensoriarionegro.gov.ar\/drn\/wp-json\/wp\/v2\/posts"}],"about":[{"href":"https:\/\/defensoriarionegro.gov.ar\/drn\/wp-json\/wp\/v2\/types\/post"}],"author":[{"embeddable":true,"href":"https:\/\/defensoriarionegro.gov.ar\/drn\/wp-json\/wp\/v2\/users\/2"}],"replies":[{"embeddable":true,"href":"https:\/\/defensoriarionegro.gov.ar\/drn\/wp-json\/wp\/v2\/comments?post=3250"}],"version-history":[{"count":1,"href":"https:\/\/defensoriarionegro.gov.ar\/drn\/wp-json\/wp\/v2\/posts\/3250\/revisions"}],"predecessor-version":[{"id":12335,"href":"https:\/\/defensoriarionegro.gov.ar\/drn\/wp-json\/wp\/v2\/posts\/3250\/revisions\/12335"}],"wp:featuredmedia":[{"embeddable":true,"href":"https:\/\/defensoriarionegro.gov.ar\/drn\/wp-json\/wp\/v2\/media\/3251"}],"wp:attachment":[{"href":"https:\/\/defensoriarionegro.gov.ar\/drn\/wp-json\/wp\/v2\/media?parent=3250"}],"wp:term":[{"taxonomy":"category","embeddable":true,"href":"https:\/\/defensoriarionegro.gov.ar\/drn\/wp-json\/wp\/v2\/categories?post=3250"},{"taxonomy":"post_tag","embeddable":true,"href":"https:\/\/defensoriarionegro.gov.ar\/drn\/wp-json\/wp\/v2\/tags?post=3250"}],"curies":[{"name":"wp","href":"https:\/\/api.w.org\/{rel}","templated":true}]}}