{"id":3268,"date":"2019-02-19T15:28:32","date_gmt":"2019-02-19T15:28:32","guid":{"rendered":"http:\/\/defensoriarionegro.gov.ar\/drn\/?p=3268"},"modified":"2025-08-29T12:24:34","modified_gmt":"2025-08-29T15:24:34","slug":"bariloche-la-defensoria-del-pueblo-participo-como-expositora-en-la-audiencia-publica-por-el-servicio-de-desagues-cloacales","status":"publish","type":"post","link":"https:\/\/defensoriarionegro.gov.ar\/drn\/bariloche-la-defensoria-del-pueblo-participo-como-expositora-en-la-audiencia-publica-por-el-servicio-de-desagues-cloacales\/","title":{"rendered":"Bariloche: la Defensor\u00eda del Pueblo particip\u00f3 como expositora en la audiencia p\u00fablica por el servicio de desag\u00fces cloacales."},"content":{"rendered":"<p>19 de febrero-\u00a0<em> \u201cEsta Defensor\u00eda considera que el porcentaje de aumento de la tarifa solicitado (127% en el mejor de los casos) resulta inviable\u201d<\/em>. As\u00ed lo expres\u00f3, en las conclusiones de su alocuci\u00f3n, el delegado de la Defensor\u00eda del Pueblo de R\u00edo Negro en San Carlos de Bariloche Abg. Sebasti\u00e1n Gim\u00e9nez, luego de realizar un an\u00e1lisis sobre la Tercera Revisi\u00f3n Ordinaria de Tarifas correspondiente al servicio de desag\u00fces cloacales de la ciudad de S. C., de Bariloche que presta \u00a0la Cooperativa de Electricidad Bariloche Limitada.<\/p>\n<p>El organismo de control remarc\u00f3 que el marco conceptual en que sustenta su opini\u00f3n\u00a0 brindada en la Audiencia P\u00fablica se basa en considerar al servicio de saneamiento, m\u00e1s all\u00e1 de un servicio p\u00fablico, como un derecho humano.<\/p>\n<p>\u201cEste organismo de control provincial, al igual que lo ha hecho al participar en anteriores audiencias referidas a otros servicios p\u00fablicos, entiende tal cual lo ha receptado la Corte Suprema de Justicia de la Naci\u00f3n, que el Estado debe tener una especial prudencia y rigor a la hora de determinar el valor de las tarifas, a fin de asegurar su certeza, previsibilidad, gradualidad y razonabilidad, evitando de tal forma, restricciones arbitrarias o desproporcionadas a los derechos de los usuarios y que todo reajuste tarifario debe incorporar como condici\u00f3n de validez jur\u00eddica, el criterio de \u00b4gradualidad\u00b4, expresi\u00f3n concreta del principio de razonabilidad, con el objeto de evitar la aplicaci\u00f3n de una tarifa elevada y \u00b4confiscatoria\u00b4, que afecte irrazonable y excesivamente los ingresos de un grupo familiar\u201d, expres\u00f3 el representante de la Defensor\u00eda del Pueblo para agregar: \u201cEllo, sin dejar de mencionar que nuestra Constituci\u00f3n Nacional en su art. 42, establece el derecho de los usuarios a la protecci\u00f3n de sus intereses econ\u00f3micos, entre otros\u201d.<\/p>\n<p>En las conclusiones Gim\u00e9nez manifest\u00f3 que, sin perjuicio del an\u00e1lisis t\u00e9cnico y resultado acerca de los diferentes aspectos que componen la tarifa del servicio p\u00fablico, tarea atinente al ente regulador (DPA), \u201cesta Defensor\u00eda considera que el porcentaje de aumento de la tarifa solicitado (127% en el mejor de los casos), a tenor de lo expuesto, resulta inviable, debi\u00e9ndose en consecuencia ponderar y analizar otras variables que permitan reducir al m\u00ednimo su aumento\u201d.<\/p>\n<p>Indic\u00f3 tambi\u00e9n el representante del organismo que \u201cesto es as\u00ed, porque se debe aplicar una mirada integral y objetiva de la situaci\u00f3n y realidad econ\u00f3mica del usuario, evitando trasladar en forma matem\u00e1tica y mec\u00e1nica los aumentos de la divisa extranjera, insumos, etc., al destinatario final de la relaci\u00f3n de consumo, pues ello no brinda ni brindar\u00e1 como resultado la existencia de una tarifa \u00b4razonable\u00b4 y \u00b4justa\u00b4 del servicio p\u00fablico aqu\u00ed analizado\u201d.<\/p>\n<p>En tercer lugar la Defensor\u00eda del Pueblo resalt\u00f3, y en concordancia con el ente prestatario del servicio, que \u201cresulta necesario contemplar la implementaci\u00f3n de un programa de beneficios \u00a8econ\u00f3micos\u00a8 para usuarios que reutilizan sus aguas servidas; o bien, evitar las p\u00e9rdidas por deficiencia en la utilizaci\u00f3n del servicio, posibilitando minimizar los costos del funcionamiento y mantenimiento del servicio\u201d.<\/p>\n<p>En cuarto lugar se destac\u00f3 la existencia de una virtual econom\u00eda dolarizada del pa\u00eds, \u201cque rige y determina sin un marco legal claro, previsible y adecuado, los ajustes de los insumos de la industria en general y por ende, el costo y actualizaci\u00f3n de la prestaci\u00f3n de los \u00a8servicios p\u00fablicos\u00a8, por cuanto por un lado las empresas prestatarias se rigen y ajustan su presupuesto y costos en virtud de los avatares de la divisa extranjera, mientras que por otro lado, el abono y actualizaci\u00f3n monetaria de los usuarios, se rige por la moneda oficial, hoy fuertemente devaluada\u201d.<\/p>\n<p>Ver el documento con la exposici\u00f3n completa.<\/p>\n<p><a href=\"https:\/\/defensoriarionegro.gov.ar\/drn\/wp-content\/uploads\/2019\/02\/Exposicion-AUDIENCIA-CEB-feb.-2019.pdf\"><img decoding=\"async\" class=\"alignnone  wp-image-2581\" src=\"http:\/\/defensoriarionegro.gov.ar\/drn\/wp-content\/uploads\/2018\/08\/pdf-icono.png\" alt=\"\" width=\"16\" height=\"16\" \/>Exposici\u00f3n AUDIENCIA CEB &#8211; feb. 2019<\/a><\/p>\n","protected":false},"excerpt":{"rendered":"<p>19 de febrero-\u00a0 \u201cEsta Defensor\u00eda considera que el porcentaje de aumento de la tarifa solicitado (127% en el mejor de los casos) resulta inviable\u201d. As\u00ed lo expres\u00f3, en las conclusiones de su alocuci\u00f3n, el delegado de la Defensor\u00eda del Pueblo de R\u00edo Negro en San Carlos de Bariloche Abg. Sebasti\u00e1n Gim\u00e9nez, luego de realizar un [&hellip;]<\/p>\n","protected":false},"author":2,"featured_media":3270,"comment_status":"closed","ping_status":"open","sticky":false,"template":"","format":"standard","meta":{"_jetpack_memberships_contains_paid_content":false,"footnotes":""},"categories":[49],"tags":[95,87,28],"class_list":["post-3268","post","type-post","status-publish","format-standard","has-post-thumbnail","hentry","category-noticias","tag-audiencia-publica","tag-cloacas","tag-servicios-publicos"],"jetpack_featured_media_url":"https:\/\/defensoriarionegro.gov.ar\/drn\/wp-content\/uploads\/2019\/02\/audiencia-publica-ceb.jpg","jetpack_sharing_enabled":true,"_links":{"self":[{"href":"https:\/\/defensoriarionegro.gov.ar\/drn\/wp-json\/wp\/v2\/posts\/3268","targetHints":{"allow":["GET"]}}],"collection":[{"href":"https:\/\/defensoriarionegro.gov.ar\/drn\/wp-json\/wp\/v2\/posts"}],"about":[{"href":"https:\/\/defensoriarionegro.gov.ar\/drn\/wp-json\/wp\/v2\/types\/post"}],"author":[{"embeddable":true,"href":"https:\/\/defensoriarionegro.gov.ar\/drn\/wp-json\/wp\/v2\/users\/2"}],"replies":[{"embeddable":true,"href":"https:\/\/defensoriarionegro.gov.ar\/drn\/wp-json\/wp\/v2\/comments?post=3268"}],"version-history":[{"count":1,"href":"https:\/\/defensoriarionegro.gov.ar\/drn\/wp-json\/wp\/v2\/posts\/3268\/revisions"}],"predecessor-version":[{"id":12331,"href":"https:\/\/defensoriarionegro.gov.ar\/drn\/wp-json\/wp\/v2\/posts\/3268\/revisions\/12331"}],"wp:featuredmedia":[{"embeddable":true,"href":"https:\/\/defensoriarionegro.gov.ar\/drn\/wp-json\/wp\/v2\/media\/3270"}],"wp:attachment":[{"href":"https:\/\/defensoriarionegro.gov.ar\/drn\/wp-json\/wp\/v2\/media?parent=3268"}],"wp:term":[{"taxonomy":"category","embeddable":true,"href":"https:\/\/defensoriarionegro.gov.ar\/drn\/wp-json\/wp\/v2\/categories?post=3268"},{"taxonomy":"post_tag","embeddable":true,"href":"https:\/\/defensoriarionegro.gov.ar\/drn\/wp-json\/wp\/v2\/tags?post=3268"}],"curies":[{"name":"wp","href":"https:\/\/api.w.org\/{rel}","templated":true}]}}