{"id":3306,"date":"2019-02-26T16:15:29","date_gmt":"2019-02-26T16:15:29","guid":{"rendered":"http:\/\/defensoriarionegro.gov.ar\/drn\/?p=3306"},"modified":"2025-08-29T12:22:58","modified_gmt":"2025-08-29T15:22:58","slug":"santagati-expuso-hoy-en-la-audiencia-publica-que-definira-el-nuevo-cuadro-tarifario-de-gas-que-entrara-en-vigencia-desde-el-mes-de-abril","status":"publish","type":"post","link":"https:\/\/defensoriarionegro.gov.ar\/drn\/santagati-expuso-hoy-en-la-audiencia-publica-que-definira-el-nuevo-cuadro-tarifario-de-gas-que-entrara-en-vigencia-desde-el-mes-de-abril\/","title":{"rendered":"Santagati expuso hoy en la audiencia p\u00fablica que definir\u00e1 el nuevo cuadro tarifario de gas."},"content":{"rendered":"<p>26 de febrero- \u201cLas decisiones estatales de los \u00faltimos tres a\u00f1os han ampliado el universo de pobres energ\u00e9ticos, en vez de reducirlo\u201d, expres\u00f3 la defensora del pueblo de R\u00edo Negro y como representante de las Defensor\u00edas del Pueblo de la Regi\u00f3n Patag\u00f3nica.<\/p>\n<p>\u201cEl nuevo cuadro de la pobreza energ\u00e9tica se caracteriza por la incorporaci\u00f3n de los usuarios formales y la profundizaci\u00f3n de las dificultades de los informales para procurarse fuentes de abastecimiento. Sin dudas, ha sido la falta de acatamiento de los principios de gradualidad y razonabilidad en la transici\u00f3n de un modelo a otro lo que explica esta lamentable regresi\u00f3n: en vez de achicar la cantidad de pobres energ\u00e9ticos y lograr esquemas m\u00e1s igualitarios, la hemos ampliado, profundizando las brechas de desigualdad que carga nuestro pa\u00eds desde hace varias d\u00e9cadas\u201d, remarc\u00f3 Santagati en oportunidad de brindar su exposici\u00f3n en la audiencia p\u00fablica por la tarifa del gas llevada a cabo hoy por la ma\u00f1ana en el Centro Metropolitano de Dise\u00f1o de la Ciudad Aut\u00f3noma de Buenos Aires.<\/p>\n<p>Se\u00f1alo que \u201clas autoridades deben acatar los principios regulatorios imperantes en nuestro pa\u00eds, los derechos fundamentales de los usuarios y las directivas internacionales en materia de Derechos Econ\u00f3micos, Sociales y Culturales\u201d.<\/p>\n<p>Indic\u00f3 adem\u00e1s que \u201chace al menos cien a\u00f1os que esos principios han sido gestados, precisamente, para marcar l\u00edmites al mercado\u201d y resalt\u00f3 que \u201cdesconocerlos evidencia una profunda ignorancia del derecho y la historia, no s\u00f3lo de Argentina, sino de occidente\u201d.<\/p>\n<p>Avanzada su alocuci\u00f3n, Santagati exigi\u00f3 en representaci\u00f3n de todos los defensores del pueblo de la Regi\u00f3n Patag\u00f3nica que \u201cel ENARGAS cumpla con el deber de \u00a8Proteger adecuadamente los derechos de los consumidores\u00a8 que le impone la Ley 24.076, teniendo en cuenta para ello que los consumidores tienen derecho a la prestaci\u00f3n de este servicio a precios que resulten \u00a8justos\u00a8\u201d.<\/p>\n<p>\u201cLos aumentos en el PIST generados a trav\u00e9s de la modalidad fijada por laSecretar\u00eda de Energ\u00eda ocasionar\u00e1n graves e ileg\u00edtimos perjuicios a los usuarios, ya que la dolarizaci\u00f3n del precio en la adquisici\u00f3n del gas y el traslado de su costo a la tarifa final de manera semestral contradicen los principios de \u00a8razonabilidad, gradualidad y racionalidad de las tarifas de servicios p\u00fablicos\u00a8 que est\u00e1n en la base del marco jur\u00eddico de la actividad\u201d, expres\u00f3 Santagati.<\/p>\n<p>\u201cTambi\u00e9n solicitamos al ENARGAS la revisi\u00f3n de la Resoluci\u00f3n N\u00b0 1700\/2002 que autoriza a las empresas prestatarias del \u00a8servicio p\u00fablico\u00a8, a trasladar en forma directa el costo del \u00a8Impuesto a los Cr\u00e9ditos y D\u00e9bitos en Cuenta Corriente\u00a8, determinado en la Ley 25.413, a pesar de que la propia norma determine que dicho impuesto corresponde \u00fanicamente a los titulares de las cuentas bancarias\u201d.<\/p>\n<p>La defensora asegur\u00f3 que \u201ceste tributo que se aplica a la tarifa de los usuarios resulta directamente \u00a8ilegal\u00a8, \u00a8arbitrario\u00a8 e \u00a8irrazonable\u00a8, por cuanto, si bien el Estado en su relaci\u00f3n con las empresas prestatarios del servicio p\u00fablico, por un lado resuelve la aplicaci\u00f3n de un nuevo tributo; por el otro, autoriza a estas mismas empresas su traslado y costo directo \u2013v\u00eda tarifa- a los usuarios, los que en definitiva resultan ajenos y terceros privilegiados de dicha relaci\u00f3n tributaria, obviamente no as\u00ed en su abono\u201d.<\/p>\n<p>Por \u00faltimo, la defenspora del pueblo de R\u00edo Negro manifest\u00f3: \u201cDesde la Regi\u00f3n Patag\u00f3nica requerimos al ENARGAS la atenci\u00f3n diferenciada, ratificando el car\u00e1cter de los servicios p\u00fablicos como servicios esenciales y recordando que un servicio p\u00fablico esencial surge de las condiciones de tiempo y lugar de una sociedad determinada. Esto significa que, en la aprobaci\u00f3n del cuadro tarifario para la Patagonia por parte del ENARGAS se deber\u00e1 tener especial atenci\u00f3n, ya que la restricci\u00f3n del servicio de gas por una tarifa desmesurada o irrazonable, atenta contra la integridad f\u00edsica y la supervivencia de las personas\u201d.<\/p>\n<p><img decoding=\"async\" class=\"alignnone wp-image-2581\" src=\"http:\/\/defensoriarionegro.gov.ar\/drn\/wp-content\/uploads\/2018\/08\/pdf-icono.png\" alt=\"\" width=\"17\" height=\"17\" \/><a href=\"https:\/\/defensoriarionegro.gov.ar\/drn\/wp-content\/uploads\/2019\/02\/Audiencia-Publica-Version-Exposicion-.pdf\">Audiencia Publica Version Exposicion-<\/a><\/p>\n<p><img decoding=\"async\" class=\"alignnone wp-image-2581\" src=\"http:\/\/defensoriarionegro.gov.ar\/drn\/wp-content\/uploads\/2018\/08\/pdf-icono.png\" alt=\"\" width=\"17\" height=\"17\" \/><a href=\"https:\/\/defensoriarionegro.gov.ar\/drn\/wp-content\/uploads\/2019\/02\/Audiencia-Publica-Version-documento-entregado.pdf\">Audiencia P\u00fablica- Versi\u00f3n documento entregado<\/a><\/p>\n","protected":false},"excerpt":{"rendered":"<p>26 de febrero- \u201cLas decisiones estatales de los \u00faltimos tres a\u00f1os han ampliado el universo de pobres energ\u00e9ticos, en vez de reducirlo\u201d, expres\u00f3 la defensora del pueblo de R\u00edo Negro y como representante de las Defensor\u00edas del Pueblo de la Regi\u00f3n Patag\u00f3nica. \u201cEl nuevo cuadro de la pobreza energ\u00e9tica se caracteriza por la incorporaci\u00f3n de [&hellip;]<\/p>\n","protected":false},"author":2,"featured_media":3307,"comment_status":"closed","ping_status":"open","sticky":false,"template":"","format":"standard","meta":{"_jetpack_memberships_contains_paid_content":false,"footnotes":""},"categories":[49],"tags":[52,28],"class_list":["post-3306","post","type-post","status-publish","format-standard","has-post-thumbnail","hentry","category-noticias","tag-gas","tag-servicios-publicos"],"jetpack_featured_media_url":"https:\/\/defensoriarionegro.gov.ar\/drn\/wp-content\/uploads\/2019\/02\/expo-enargas.jpg","jetpack_sharing_enabled":true,"_links":{"self":[{"href":"https:\/\/defensoriarionegro.gov.ar\/drn\/wp-json\/wp\/v2\/posts\/3306","targetHints":{"allow":["GET"]}}],"collection":[{"href":"https:\/\/defensoriarionegro.gov.ar\/drn\/wp-json\/wp\/v2\/posts"}],"about":[{"href":"https:\/\/defensoriarionegro.gov.ar\/drn\/wp-json\/wp\/v2\/types\/post"}],"author":[{"embeddable":true,"href":"https:\/\/defensoriarionegro.gov.ar\/drn\/wp-json\/wp\/v2\/users\/2"}],"replies":[{"embeddable":true,"href":"https:\/\/defensoriarionegro.gov.ar\/drn\/wp-json\/wp\/v2\/comments?post=3306"}],"version-history":[{"count":1,"href":"https:\/\/defensoriarionegro.gov.ar\/drn\/wp-json\/wp\/v2\/posts\/3306\/revisions"}],"predecessor-version":[{"id":12328,"href":"https:\/\/defensoriarionegro.gov.ar\/drn\/wp-json\/wp\/v2\/posts\/3306\/revisions\/12328"}],"wp:featuredmedia":[{"embeddable":true,"href":"https:\/\/defensoriarionegro.gov.ar\/drn\/wp-json\/wp\/v2\/media\/3307"}],"wp:attachment":[{"href":"https:\/\/defensoriarionegro.gov.ar\/drn\/wp-json\/wp\/v2\/media?parent=3306"}],"wp:term":[{"taxonomy":"category","embeddable":true,"href":"https:\/\/defensoriarionegro.gov.ar\/drn\/wp-json\/wp\/v2\/categories?post=3306"},{"taxonomy":"post_tag","embeddable":true,"href":"https:\/\/defensoriarionegro.gov.ar\/drn\/wp-json\/wp\/v2\/tags?post=3306"}],"curies":[{"name":"wp","href":"https:\/\/api.w.org\/{rel}","templated":true}]}}