{"id":3854,"date":"2019-07-10T23:44:31","date_gmt":"2019-07-10T23:44:31","guid":{"rendered":"https:\/\/defensoriarionegro.gov.ar\/drn\/?p=3854"},"modified":"2025-08-29T12:18:58","modified_gmt":"2025-08-29T15:18:58","slug":"la-defensoria-del-pueblo-convoca-a-la-inscripcion-de-postulantes-para-cumplir-funciones-dentro-del-equipo-de-apoyo-tecnico-de-la-secretaria-ejecutiva-del-organo-de-revision-de-salud-mental","status":"publish","type":"post","link":"https:\/\/defensoriarionegro.gov.ar\/drn\/la-defensoria-del-pueblo-convoca-a-la-inscripcion-de-postulantes-para-cumplir-funciones-dentro-del-equipo-de-apoyo-tecnico-de-la-secretaria-ejecutiva-del-organo-de-revision-de-salud-mental\/","title":{"rendered":"La Defensor\u00eda del Pueblo convoca a la inscripci\u00f3n de postulantes para cumplir funciones en el Equipo de Apoyo T\u00e9cnico de la Secretar\u00eda Ejecutiva del \u00d3rgano de Revisi\u00f3n de Salud Mental"},"content":{"rendered":"<p>10 de julio-\u00a0 Hasta el 16 de agosto hay tiempo para inscribirse ingresando en el bot\u00f3n \u201cRegistro de postulantes\u201d de este sitio web.<br \/>\nLos cargos a cubrir, con desempe\u00f1o de funciones en Viedma durante tres a\u00f1os prorrogable por igual per\u00edodo -conforme los requisitos establecidos en el Anexo I de la Resoluci\u00f3n N\u00b0144\/19 DPRN- son los siguientes:<br \/>\na) un (1) cargo de <strong>M\u00e9dico\/a Psiquiatra o M\u00e9dico\/a Especialista en Salud Mental<\/strong>, con categor\u00eda Oficial Superior de Primera del Escalaf\u00f3n Administrativo y T\u00e9cnico de la Ley N\u00b0 838 (50 puntos).<br \/>\nb) un (1) cargo de <strong>Lic. en Psicolog\u00eda o Psic\u00f3logo\/a<\/strong>, con categor\u00eda de Oficial Superior de Segunda del Escalaf\u00f3n Administrativo y T\u00e9cnico de la Ley N\u00b0 838 (47 puntos).<br \/>\nc) un (1) cargo de <strong>Lic. en Psicolog\u00eda o Psic\u00f3logo\/a Infantil o Psicopedagogo\/a<\/strong>, con categor\u00eda de Oficial Superior de Segunda del Escalaf\u00f3n Administrativo y T\u00e9cnico de la Ley N\u00b0 838 (47 puntos).<br \/>\nd) un (1) cargo de <strong>Lic. en Trabajo Social o en Servicio Social<\/strong> categor\u00eda Oficial Superior de Segunda del Escalaf\u00f3n Administrativo y T\u00e9cnico de la Ley N\u00b0 838 (47 puntos).<br \/>\nLa inscripci\u00f3n se realiza \u00fanicamente por v\u00eda electr\u00f3nica a trav\u00e9s de esta p\u00e1gina web a partir del 10\/07\/2019 y hasta el 16\/08\/2019 inclusive.<\/p>\n<p>Ver Resoluci\u00f3n completa en el siguiente archivo:<\/p>\n<p><img decoding=\"async\" class=\"alignnone wp-image-2581\" src=\"https:\/\/defensoriarionegro.gov.ar\/drn\/wp-content\/uploads\/2018\/08\/pdf-icono.png\" alt=\"\" width=\"25\" height=\"25\" \/><a href=\"https:\/\/defensoriarionegro.gov.ar\/drn\/wp-content\/uploads\/2019\/07\/Res.-144-19-DPRN.pdf\">Res. 144-19 DPRN<\/a><\/p>\n","protected":false},"excerpt":{"rendered":"<p>10 de julio-\u00a0 Hasta el 16 de agosto hay tiempo para inscribirse ingresando en el bot\u00f3n \u201cRegistro de postulantes\u201d de este sitio web. Los cargos a cubrir, con desempe\u00f1o de funciones en Viedma durante tres a\u00f1os prorrogable por igual per\u00edodo -conforme los requisitos establecidos en el Anexo I de la Resoluci\u00f3n N\u00b0144\/19 DPRN- son los [&hellip;]<\/p>\n","protected":false},"author":2,"featured_media":3779,"comment_status":"closed","ping_status":"open","sticky":false,"template":"","format":"standard","meta":{"_jetpack_memberships_contains_paid_content":false,"footnotes":""},"categories":[49],"tags":[238,22],"class_list":["post-3854","post","type-post","status-publish","format-standard","has-post-thumbnail","hentry","category-noticias","tag-orsm","tag-salud-mental"],"jetpack_featured_media_url":"https:\/\/defensoriarionegro.gov.ar\/drn\/wp-content\/uploads\/2019\/06\/IMG_1233-scaled.jpg","jetpack_sharing_enabled":true,"_links":{"self":[{"href":"https:\/\/defensoriarionegro.gov.ar\/drn\/wp-json\/wp\/v2\/posts\/3854","targetHints":{"allow":["GET"]}}],"collection":[{"href":"https:\/\/defensoriarionegro.gov.ar\/drn\/wp-json\/wp\/v2\/posts"}],"about":[{"href":"https:\/\/defensoriarionegro.gov.ar\/drn\/wp-json\/wp\/v2\/types\/post"}],"author":[{"embeddable":true,"href":"https:\/\/defensoriarionegro.gov.ar\/drn\/wp-json\/wp\/v2\/users\/2"}],"replies":[{"embeddable":true,"href":"https:\/\/defensoriarionegro.gov.ar\/drn\/wp-json\/wp\/v2\/comments?post=3854"}],"version-history":[{"count":1,"href":"https:\/\/defensoriarionegro.gov.ar\/drn\/wp-json\/wp\/v2\/posts\/3854\/revisions"}],"predecessor-version":[{"id":12317,"href":"https:\/\/defensoriarionegro.gov.ar\/drn\/wp-json\/wp\/v2\/posts\/3854\/revisions\/12317"}],"wp:featuredmedia":[{"embeddable":true,"href":"https:\/\/defensoriarionegro.gov.ar\/drn\/wp-json\/wp\/v2\/media\/3779"}],"wp:attachment":[{"href":"https:\/\/defensoriarionegro.gov.ar\/drn\/wp-json\/wp\/v2\/media?parent=3854"}],"wp:term":[{"taxonomy":"category","embeddable":true,"href":"https:\/\/defensoriarionegro.gov.ar\/drn\/wp-json\/wp\/v2\/categories?post=3854"},{"taxonomy":"post_tag","embeddable":true,"href":"https:\/\/defensoriarionegro.gov.ar\/drn\/wp-json\/wp\/v2\/tags?post=3854"}],"curies":[{"name":"wp","href":"https:\/\/api.w.org\/{rel}","templated":true}]}}