{"id":3876,"date":"2019-07-18T17:13:32","date_gmt":"2019-07-18T17:13:32","guid":{"rendered":"https:\/\/defensoriarionegro.gov.ar\/drn\/?p=3876"},"modified":"2025-08-29T12:18:33","modified_gmt":"2025-08-29T15:18:33","slug":"la-defensoria-del-pueblo-rechazo-cualquier-aumento-tarifario-pretendido-por-edersa","status":"publish","type":"post","link":"https:\/\/defensoriarionegro.gov.ar\/drn\/la-defensoria-del-pueblo-rechazo-cualquier-aumento-tarifario-pretendido-por-edersa\/","title":{"rendered":"La Defensor\u00eda del Pueblo rechaz\u00f3 cualquier aumento tarifario pretendido por EdERSA"},"content":{"rendered":"<div class=\"_39k5 _5s6c\">\n<div>\n<div>\n<p><span style=\"font-family: TrebuchetMS;\">18 de julio 2019- La Defensor\u00eda del Pueblo particip\u00f3 en la audiencia p\u00fablica <\/span>convocada por el EPRE<span style=\"font-family: TrebuchetMS;\">\u00a0 ante la pretensi\u00f3n\u00a0de EdERSA de que se actualicen sus costos operativos. Para ello se tuvieron en cuenta<\/span>\u00a0las actuaciones que durante estos u\u0301ltimos an\u0303os se tramitaron\u00a0 en el organismo de control por irregularidades en la prestacio\u0301n del servicio que presta EDERSA, entre los cuales se citaron: falta de inversiones,\u00a0cortes de luz constantes causados por inclemencias clima\u0301ticas mi\u0301nimas, falta de reparacio\u0301n y\/o cambio de postes de li\u0301nea, subas y bajas diarias de tensio\u0301n ele\u0301ctrica como lo que sufrieron localidades como Chichinales y Valle Azul,\u00a0incumplimientos por ejecucio\u0301n de obras, reclamos por roturas de artefactos como consecuencias de diferencias de tensio\u0301n, cortes en el suministro del servicio ele\u0301ctrico que han afectado regiones enteras como la zona andina en julio de 2017 o\u00a0 el Alto Valle en febrero de 2018, cortes superiores en cantidad y tiempo a los li\u0301mites establecidos por el Contrato de Concesio\u0301n, errores en la facturacio\u0301n, entre otros.\u00a0Se consideraron adem\u00e1s las sanciones econo\u0301micas aplicadas por el EPRE a la Distribuidora en reiteradas oportunidades como por ejemplo la multa de algo ma\u0301s de $55.000.000 por incumplimientos en la calidad del servicio entre septiembre de 2017 y agosto de 2018 que afecto\u0301 a ma\u0301s de 1700 vecinos de Allen y 5440 de Villa Regina.<\/p>\n<div class=\"m_8318361002154154273gmail-page\" title=\"Page 2\">\n<div class=\"m_8318361002154154273gmail-section\">\n<div class=\"m_8318361002154154273gmail-layoutArea\">\n<div class=\"m_8318361002154154273gmail-column\">\n<p>Qued\u00f3 demostrado que la Distribuidora no cumpli\u00f3 con su obligacio\u0301n de realizar las inversiones necesarias que permitan brindar un servicio eficiente. Te\u0301ngase en cuenta que EdERSA no so\u0301lo debe orientar sus acciones a la correcta prestacio\u0301n del servicio, sino a mejorar continuamente la calidad del mismo a trave\u0301s de inversiones, obrando diligentemente. Esto es asi\u0301 porque el contrato de concesio\u0301n con EdERSA determina en su arti\u0301culo 25, que una de las obligaciones de la distribuidora, es adoptar las medidas necesarias para asegurar la provisio\u0301n y disponibilidad de energi\u0301a ele\u0301ctrica, a fin de satisfacer la demanda en tiempo oportuno debiendo, a tales efectos, asegurar las fuentes de aprovisionamiento, efectuar las inversiones y realizar el mantenimiento necesario para garantizar los niveles de calidad de servicio.<\/p>\n<p>Un aspecto no menos importante que se tuvo en cuenta fue que la concesionaria ha incumplido sus obligaciones con la proveedora de electricidad mayorista CAMMESA, situacio\u0301n que la acreedora ha calificado como <strong>\u201cdistribuidor moroso cro\u0301nico\u201d<\/strong>, en tanto su calidad de agente prestador del servicio pu\u0301blico de distribucio\u0301n con deudas vencidas e impagas acumulada por montos equivalentes o superiores a dos (2) facturaciones mensuales y que resulta en un pasivo de $2.874.860.877,30. Esta situacio\u0301n genera el riesgo de una inminente interrupcio\u0301n de la regularidad del servicio pu\u0301blico de abastecimiento de energi\u0301a en la provincia, en tanto la Resolucio\u0301n emitida por la ex Secretari\u0301a de Energi\u0301a N\u00b0 124\/2002, imparte la disminucio\u0301n mensual de energi\u0301a ele\u0301ctrica por parte de la concesionaria en un 10% en relacio\u0301n a su consumo histo\u0301rico, hasta tanto se regularice la deuda con CAMMESA, sin perjuicio de las medidas adicionales que la Sociedad Ano\u0301nima acreedora pudiera adoptar.<\/p>\n<p>A todo lo anterior se agrega la negativa sistema\u0301tica de EdERSA a brindar la informacio\u0301n relativa al cumplimiento de sus obligaciones contractuales al Ente Regulador EPRE obstaculizando su funcio\u0301n de organismo fiscalizador del servicio pu\u0301blico lo que derivo\u0301 en un pedido de Intervencio\u0301n judicial\u00a0 por parte del Estado Provincial en la medida que la sustentabilidad del sistema de distribucio\u0301n ele\u0301ctrica se encuentra en grave riesgo no so\u0301lo en la disminucio\u0301n del servicio sino de suspensio\u0301n del mismo.<\/p>\n<\/div>\n<\/div>\n<\/div>\n<\/div>\n<div class=\"m_8318361002154154273gmail-page\" title=\"Page 3\">\n<div class=\"m_8318361002154154273gmail-section\">\n<div class=\"m_8318361002154154273gmail-layoutArea\">\n<div class=\"m_8318361002154154273gmail-column\">\n<p>En resumen, se trata de\u00a0la principal empresa concesionaria del servicio pu\u0301blico de distribucio\u0301n de energi\u0301a ele\u0301ctrica de la provincia\u00a0 que no realizo\u0301 las inversiones en infraestructura ni de mantenimiento, que no cumplio\u0301 con el proveedor mayorista Cammesa con quien acumula una deuda de $2.874.860.877,30; que se ha negado sistema\u0301ticamente a facilitar el acceso a la informacio\u0301n obstaculizando el desempen\u0303o del Ente Regulador provincial y que ahora pretende autorizacio\u0301n para aumentar sus tarifas. Se infiere entonces que estamos frente a una empresa que se dedico\u0301 a acumular el monto de la facturacio\u0301n mensual generando para si\u0301 extraordinarias ganancias.<\/p>\n<p>Frente a\u00a0 este escenario,\u00a0la Defensora del Pueblo rechaz\u00f3 la pretensio\u0301n de aplicar cualquier aumento tarifario en la medida que no existen motivos que justifiquen su pretensio\u0301n. Por el contrario, expres\u00f3 su preocupacio\u0301n por el futuro del servicio pu\u0301blico de distribucio\u0301n de energi\u0301a ele\u0301ctrica en la provincia que hoy esta\u0301 a cargo de EdERSA, adhiri\u00f3 al pedido de intervencio\u0301n solicitado por el Estado provincial, y espera el informe que realice el Interventor Veedor y lo que disponga el Juez a cargo de la referida causa.<\/p>\n<\/div>\n<\/div>\n<\/div>\n<\/div>\n<\/div>\n<\/div>\n<\/div>\n","protected":false},"excerpt":{"rendered":"<p>18 de julio 2019- La Defensor\u00eda del Pueblo particip\u00f3 en la audiencia p\u00fablica convocada por el EPRE\u00a0 ante la pretensi\u00f3n\u00a0de EdERSA de que se actualicen sus costos operativos. Para ello se tuvieron en cuenta\u00a0las actuaciones que durante estos u\u0301ltimos an\u0303os se tramitaron\u00a0 en el organismo de control por irregularidades en la prestacio\u0301n del servicio que [&hellip;]<\/p>\n","protected":false},"author":2,"featured_media":3877,"comment_status":"closed","ping_status":"open","sticky":false,"template":"","format":"standard","meta":{"_jetpack_memberships_contains_paid_content":false,"footnotes":""},"categories":[18,49],"tags":[95,151,76,96,28],"class_list":["post-3876","post","type-post","status-publish","format-standard","has-post-thumbnail","hentry","category-gacetillas","category-noticias","tag-audiencia-publica","tag-edersa","tag-electricidad","tag-epre","tag-servicios-publicos"],"jetpack_featured_media_url":"https:\/\/defensoriarionegro.gov.ar\/drn\/wp-content\/uploads\/2019\/07\/factura-luz.jpg","jetpack_sharing_enabled":true,"_links":{"self":[{"href":"https:\/\/defensoriarionegro.gov.ar\/drn\/wp-json\/wp\/v2\/posts\/3876","targetHints":{"allow":["GET"]}}],"collection":[{"href":"https:\/\/defensoriarionegro.gov.ar\/drn\/wp-json\/wp\/v2\/posts"}],"about":[{"href":"https:\/\/defensoriarionegro.gov.ar\/drn\/wp-json\/wp\/v2\/types\/post"}],"author":[{"embeddable":true,"href":"https:\/\/defensoriarionegro.gov.ar\/drn\/wp-json\/wp\/v2\/users\/2"}],"replies":[{"embeddable":true,"href":"https:\/\/defensoriarionegro.gov.ar\/drn\/wp-json\/wp\/v2\/comments?post=3876"}],"version-history":[{"count":1,"href":"https:\/\/defensoriarionegro.gov.ar\/drn\/wp-json\/wp\/v2\/posts\/3876\/revisions"}],"predecessor-version":[{"id":12316,"href":"https:\/\/defensoriarionegro.gov.ar\/drn\/wp-json\/wp\/v2\/posts\/3876\/revisions\/12316"}],"wp:featuredmedia":[{"embeddable":true,"href":"https:\/\/defensoriarionegro.gov.ar\/drn\/wp-json\/wp\/v2\/media\/3877"}],"wp:attachment":[{"href":"https:\/\/defensoriarionegro.gov.ar\/drn\/wp-json\/wp\/v2\/media?parent=3876"}],"wp:term":[{"taxonomy":"category","embeddable":true,"href":"https:\/\/defensoriarionegro.gov.ar\/drn\/wp-json\/wp\/v2\/categories?post=3876"},{"taxonomy":"post_tag","embeddable":true,"href":"https:\/\/defensoriarionegro.gov.ar\/drn\/wp-json\/wp\/v2\/tags?post=3876"}],"curies":[{"name":"wp","href":"https:\/\/api.w.org\/{rel}","templated":true}]}}