{"id":4495,"date":"2020-02-07T16:22:21","date_gmt":"2020-02-07T16:22:21","guid":{"rendered":"https:\/\/defensoriarionegro.gov.ar\/drn\/?p=4495"},"modified":"2020-02-07T16:22:21","modified_gmt":"2020-02-07T16:22:21","slug":"reunion-en-la-defensoria-del-pueblo-para-evaluar-la-aplicacion-de-la-ley-que-regula-los-feedlot-en-la-provincia","status":"publish","type":"post","link":"https:\/\/defensoriarionegro.gov.ar\/drn\/reunion-en-la-defensoria-del-pueblo-para-evaluar-la-aplicacion-de-la-ley-que-regula-los-feedlot-en-la-provincia\/","title":{"rendered":"Reuni\u00f3n en la Defensor\u00eda del Pueblo para evaluar la aplicaci\u00f3n de la\u00a0ley que regula los feedlot en la provincia."},"content":{"rendered":"<p>7 de febrero- La defensora del pueblo, Adriana Santagati, convoc\u00f3 a funcionarios de distintos organismos provinciales, con el objetivo de analizar las dificultades operativas de la aplicaci\u00f3n de la Ley 4.997.<\/p>\n<p>La normativa regula las condiciones de habilitaci\u00f3n y funcionamiento, en el \u00e1mbito de la Provincia de R\u00edo Negro de los establecimientos que se dedican al engorde intensivo a corral de ganado bovino, ovino o caprino y, en su art\u00edculo 5, establece que la <strong>ventanilla \u00fanica<\/strong> para todas las tramitaciones es el Ministerio de Producci\u00f3n y Agroindustria a trav\u00e9s de la Direcci\u00f3n de Ganader\u00eda.<\/p>\n<p>Del encuentro participaron\u00a0 el secretario de Ganader\u00eda, Norberto Tabar\u00e9 Bassi; la secretaria de Ambiente y Desarrollo Sustentable, Dina Migani -acompa\u00f1ada por asesoras del \u00e1rea- y en representaci\u00f3n del DPA, el Intendente General de \u00a0Recursos H\u00eddricos, Daniel Petri con t\u00e9cnicos del \u00e1rea.<\/p>\n<p>El tema central que abordaron fue la necesidad de generar una articulaci\u00f3n entre las diferentes \u00e1reas de gobierno (Sec. de\u00a0 Ganader\u00eda, DPA y SAyDS -Art. 4 Ley 4.997) con el objetivo de acortar los plazos para obtener la autorizaci\u00f3n definitiva para una explotaci\u00f3n de estas caracter\u00edsticas.<\/p>\n<p>Luego del an\u00e1lisis de distintas estrategias se acord\u00f3 un dispositivo que consistir\u00e1 en el trabajo simult\u00e1neo de los organismos protectores del ambiente, quienes mantendr\u00e1n contacto directo con los interesados para salvar cualquier documentaci\u00f3n o requisito exigido por ley y remitir sus dict\u00e1menes a la Secretar\u00eda de Ganader\u00eda, que es quien expide las autorizaciones.<\/p>\n<p>A lo anterior se agrega la utilizaci\u00f3n de un documento compartido online donde se ir\u00e1n registrando todas las novedades de los tr\u00e1mites y a los que tendr\u00e1 acceso la Defensor\u00eda del Pueblo con el fin de monitorear el proceso.<\/p>\n<p>En la oportunidad, la defensora Santagati detall\u00f3 que \u201clos objetivos son, por una parte, acortar los tiempos que insumen las idas y vueltas del expediente entre los organismos, ocurridas muchas veces debido a la falta de documentaci\u00f3n por parte del interesado, teniendo en cuenta el car\u00e1cter de ventanilla \u00fanica establecido en la ley o cualquier otro requerimiento exigible y por otra parte, que todos los organismos competentes puedan tener acceso al estado del tr\u00e1mite en tiempo real a trav\u00e9s de un documento \u00fanico compartido, con la idea final de brindar respuesta al productor en caso de consulta\u201d.<\/p>\n","protected":false},"excerpt":{"rendered":"<p>7 de febrero- La defensora del pueblo, Adriana Santagati, convoc\u00f3 a funcionarios de distintos organismos provinciales, con el objetivo de analizar las dificultades operativas de la aplicaci\u00f3n de la Ley 4.997. La normativa regula las condiciones de habilitaci\u00f3n y funcionamiento, en el \u00e1mbito de la Provincia de R\u00edo Negro de los establecimientos que se dedican [&hellip;]<\/p>\n","protected":false},"author":2,"featured_media":4498,"comment_status":"closed","ping_status":"open","sticky":false,"template":"","format":"standard","meta":{"_jetpack_memberships_contains_paid_content":false,"footnotes":""},"categories":[49],"tags":[],"class_list":["post-4495","post","type-post","status-publish","format-standard","has-post-thumbnail","hentry","category-noticias"],"jetpack_featured_media_url":"https:\/\/defensoriarionegro.gov.ar\/drn\/wp-content\/uploads\/2020\/02\/feedlot-scaled-1.jpg","jetpack_sharing_enabled":true,"_links":{"self":[{"href":"https:\/\/defensoriarionegro.gov.ar\/drn\/wp-json\/wp\/v2\/posts\/4495","targetHints":{"allow":["GET"]}}],"collection":[{"href":"https:\/\/defensoriarionegro.gov.ar\/drn\/wp-json\/wp\/v2\/posts"}],"about":[{"href":"https:\/\/defensoriarionegro.gov.ar\/drn\/wp-json\/wp\/v2\/types\/post"}],"author":[{"embeddable":true,"href":"https:\/\/defensoriarionegro.gov.ar\/drn\/wp-json\/wp\/v2\/users\/2"}],"replies":[{"embeddable":true,"href":"https:\/\/defensoriarionegro.gov.ar\/drn\/wp-json\/wp\/v2\/comments?post=4495"}],"version-history":[{"count":0,"href":"https:\/\/defensoriarionegro.gov.ar\/drn\/wp-json\/wp\/v2\/posts\/4495\/revisions"}],"wp:featuredmedia":[{"embeddable":true,"href":"https:\/\/defensoriarionegro.gov.ar\/drn\/wp-json\/wp\/v2\/media\/4498"}],"wp:attachment":[{"href":"https:\/\/defensoriarionegro.gov.ar\/drn\/wp-json\/wp\/v2\/media?parent=4495"}],"wp:term":[{"taxonomy":"category","embeddable":true,"href":"https:\/\/defensoriarionegro.gov.ar\/drn\/wp-json\/wp\/v2\/categories?post=4495"},{"taxonomy":"post_tag","embeddable":true,"href":"https:\/\/defensoriarionegro.gov.ar\/drn\/wp-json\/wp\/v2\/tags?post=4495"}],"curies":[{"name":"wp","href":"https:\/\/api.w.org\/{rel}","templated":true}]}}