{"id":4573,"date":"2020-03-21T17:33:48","date_gmt":"2020-03-21T17:33:48","guid":{"rendered":"https:\/\/defensoriarionegro.gov.ar\/drn\/?p=4573"},"modified":"2025-08-29T12:16:04","modified_gmt":"2025-08-29T15:16:04","slug":"pami-informo-la-forma-en-que-los-adultos-mayores-pueden-adquirir-sus-medicamentos","status":"publish","type":"post","link":"https:\/\/defensoriarionegro.gov.ar\/drn\/pami-informo-la-forma-en-que-los-adultos-mayores-pueden-adquirir-sus-medicamentos\/","title":{"rendered":"PAMI inform\u00f3 la forma en que los adultos mayores con enfermedades cr\u00f3nicas pueden adquirir sus medicamentos"},"content":{"rendered":"<p>Durante el d\u00eda de ayer la defensora Santagati mantuvo contacto con autoridades de PAMI, en virtud de reclamos recibidos en la Defensor\u00eda del Pueblo que daban cuenta de las dificultades de adultos mayores con enfermedades frecuentes para adquirir sus medicamentos porque se detectaron consultorios donde atienden los prestadores estaban cerrados, situaci\u00f3n que les imposibilitaba obtener sus recetas.<\/p>\n<p>La situaci\u00f3n fue evaluada por PAMI quien verific\u00f3 lo planteado y se puso a trabajar en el tema. Sin perjuicio de lo anterior y la responsabilidad que les cabe a los profesionales prestadores , se transmiti\u00f3 esta situaci\u00f3n al Ministro de Salud, quien realizar\u00e1 los controles desde el \u00e1rea de Fiscalizaci\u00f3n para que los profesionales dispongan de un horario espec\u00edfico de atenci\u00f3n en estos casos.<\/p>\n<p>La respuesta de PAMI no se hizo esperar, en el d\u00eda de hoy fue informado a la defensora sobre el nuevo procedimiento. La comunicaci\u00f3n de PAMI indica:<\/p>\n<ul>\n<li>Ante la presencia de s\u00edntomas, no te automediques: llam\u00e1 al \ud83d\udcde 138 opci\u00f3n 9.<\/li>\n<li>La continuidad del tratamiento indicado por tu m\u00e9dica o m\u00e9dico es muy importante. Por eso contamos con el Vadem\u00e9cum PAMI de Medicamentos Esenciales Gratuitos que provee la medicaci\u00f3n para enfermedades frecuentes.<\/li>\n<li>Pod\u00e9s pedirle a un familiar o a una persona de tu confianza que vaya a la farmacia con su DNI, el DNI y credencial de la persona afiliada y la receta para retirar tus medicamentos de manera simple y r\u00e1pida, sin necesidad de ning\u00fan tr\u00e1mite previo en agencia.<\/li>\n<\/ul>\n<p>Accede al siguiente link para obtener m\u00e1s informaci\u00f3n: <a href=\"https:\/\/www.pami.org.ar\/vademecum\" target=\"_blank\" rel=\"noopener noreferrer\"><span style=\"color: #333399;\">https:\/\/www.pami.org.ar\/vademecum<\/span><\/a><\/p>\n","protected":false},"excerpt":{"rendered":"<p>Durante el d\u00eda de ayer la defensora Santagati mantuvo contacto con autoridades de PAMI, en virtud de reclamos recibidos en la Defensor\u00eda del Pueblo que daban cuenta de las dificultades de adultos mayores con enfermedades frecuentes para adquirir sus medicamentos porque se detectaron consultorios donde atienden los prestadores estaban cerrados, situaci\u00f3n que les imposibilitaba obtener [&hellip;]<\/p>\n","protected":false},"author":2,"featured_media":4574,"comment_status":"closed","ping_status":"open","sticky":false,"template":"","format":"standard","meta":{"_jetpack_memberships_contains_paid_content":false,"footnotes":""},"categories":[49],"tags":[241,163,24],"class_list":["post-4573","post","type-post","status-publish","format-standard","has-post-thumbnail","hentry","category-noticias","tag-medicamentos","tag-pami","tag-salud"],"jetpack_featured_media_url":"https:\/\/defensoriarionegro.gov.ar\/drn\/wp-content\/uploads\/2020\/03\/medicamentos-pami.jpg","jetpack_sharing_enabled":true,"_links":{"self":[{"href":"https:\/\/defensoriarionegro.gov.ar\/drn\/wp-json\/wp\/v2\/posts\/4573","targetHints":{"allow":["GET"]}}],"collection":[{"href":"https:\/\/defensoriarionegro.gov.ar\/drn\/wp-json\/wp\/v2\/posts"}],"about":[{"href":"https:\/\/defensoriarionegro.gov.ar\/drn\/wp-json\/wp\/v2\/types\/post"}],"author":[{"embeddable":true,"href":"https:\/\/defensoriarionegro.gov.ar\/drn\/wp-json\/wp\/v2\/users\/2"}],"replies":[{"embeddable":true,"href":"https:\/\/defensoriarionegro.gov.ar\/drn\/wp-json\/wp\/v2\/comments?post=4573"}],"version-history":[{"count":1,"href":"https:\/\/defensoriarionegro.gov.ar\/drn\/wp-json\/wp\/v2\/posts\/4573\/revisions"}],"predecessor-version":[{"id":12311,"href":"https:\/\/defensoriarionegro.gov.ar\/drn\/wp-json\/wp\/v2\/posts\/4573\/revisions\/12311"}],"wp:featuredmedia":[{"embeddable":true,"href":"https:\/\/defensoriarionegro.gov.ar\/drn\/wp-json\/wp\/v2\/media\/4574"}],"wp:attachment":[{"href":"https:\/\/defensoriarionegro.gov.ar\/drn\/wp-json\/wp\/v2\/media?parent=4573"}],"wp:term":[{"taxonomy":"category","embeddable":true,"href":"https:\/\/defensoriarionegro.gov.ar\/drn\/wp-json\/wp\/v2\/categories?post=4573"},{"taxonomy":"post_tag","embeddable":true,"href":"https:\/\/defensoriarionegro.gov.ar\/drn\/wp-json\/wp\/v2\/tags?post=4573"}],"curies":[{"name":"wp","href":"https:\/\/api.w.org\/{rel}","templated":true}]}}