{"id":5144,"date":"2020-08-14T12:18:35","date_gmt":"2020-08-14T12:18:35","guid":{"rendered":"https:\/\/defensoriarionegro.gov.ar\/drn\/?p=5144"},"modified":"2025-08-29T12:15:27","modified_gmt":"2025-08-29T15:15:27","slug":"dos-organismos-nacionales-y-dos-instituciones-provinciales-por-los-derechos-de-las-personas-con-padecimiento-mental","status":"publish","type":"post","link":"https:\/\/defensoriarionegro.gov.ar\/drn\/dos-organismos-nacionales-y-dos-instituciones-provinciales-por-los-derechos-de-las-personas-con-padecimiento-mental\/","title":{"rendered":"Dos organismos nacionales y dos instituciones provinciales por los derechos de las personas con padecimiento mental."},"content":{"rendered":"<p>En el marco del trabajo que lleva adelante la Defensor\u00eda del Pueblo de R\u00edo Negro destinado a la protecci\u00f3n de los derechos de los usuarios de salud mental, la defensora del pueblo Santagati plante\u00f3 a la Dra. Mar\u00eda Graciela Iglesias del Organo de Revisi\u00f3n de Salud Mental de la Naci\u00f3n, la necesidad de mantener una reuni\u00f3n con autoridades de PAMI, en virtud de las coberturas que corresponden a beneficiarios de R\u00edo Negro que son internados en la vecina provincia de Neuqu\u00e9n.<\/p>\n<p>Santagati expres\u00f3 la importancia de garantizar los v\u00ednculos y la comunicaci\u00f3n con los familiares directos y amistades de las personas con padecimiento mental, en los casos en que terap\u00e9uticamente correspondiera un distanciamiento social por una internaci\u00f3n temporaria y parcial o por la generaci\u00f3n de un dispositivo especial de atenci\u00f3n.<\/p>\n<p>Por ello, el viernes 14 la Dra. Iglesias reuni\u00f3 en la Sala Zoom a la jefa del \u00e1rea Salud Mental de PAMI, Laura Acevedo y a todo su equipo; a la defensora del pueblo de R\u00edo Negro, Adriana Santagati y a Mar\u00eda Eugenia Lizola, secretaria del \u00f3rgano de revisi\u00f3n de salud mental de Neuqu\u00e9n.<\/p>\n<p>En la misma, Santagati plante\u00f3 que para garantizar el derecho a ser acompa\u00f1ado por sus familiares, otros afectos o a quien la persona con padecimiento mental designe en caso de un tratamiento, o si hubiera que implementar un dispositivos por afuera de los Hospitales, es necesario contar con la cobertura de los servicios en el lugar m\u00e1s pr\u00f3ximo a su lugar de residencia. S\u00f3lo as\u00ed se podr\u00e1 asegurar el pleno goce de los derechos humanos de las personas con padecimiento mental , expres\u00f3 la defensora del pueblo.<\/p>\n<p>Laura Acevedo comparti\u00f3 el planteo y con integrantes de su equipo describieron el M\u00f3dulo de Integraci\u00f3n Comunitaria (MIC) que dispone PAMI , un dispositivo creado en el a\u00f1o 2013 con excelentes resultados, y el que est\u00e1 a disposici\u00f3n de los prestadores. Esto fue ratificado por Iglesias quien realiza el monitoreo desde el \u00e1rea que conduce. Santagati destac\u00f3 la excelente receptividad por parte de las autoridades de PAMI y la predisposici\u00f3n para resolver las cuestiones planteadas. En el mismo sentido se expres\u00f3 Mar\u00eda Eugenia Lizola de la vecina provincia de Neuqu\u00e9n.<\/p>\n<p>Los valiosos aportes y la coordinaci\u00f3n de la reuni\u00f3n por parte de la Dra. Iglesias permitieron la conformaci\u00f3n de una red de trabajo entre dos instituciones nacionales y de dos provincias que permitir\u00e1 avanzar en los procesos de externaci\u00f3n en los que las provincias de R\u00edo Negro y Neuqu\u00e9n vienen trabajando.<\/p>\n","protected":false},"excerpt":{"rendered":"<p>En el marco del trabajo que lleva adelante la Defensor\u00eda del Pueblo de R\u00edo Negro destinado a la protecci\u00f3n de los derechos de los usuarios de salud mental, la defensora del pueblo Santagati plante\u00f3 a la Dra. Mar\u00eda Graciela Iglesias del Organo de Revisi\u00f3n de Salud Mental de la Naci\u00f3n, la necesidad de mantener una [&hellip;]<\/p>\n","protected":false},"author":2,"featured_media":5156,"comment_status":"closed","ping_status":"open","sticky":false,"template":"","format":"standard","meta":{"_jetpack_memberships_contains_paid_content":false,"footnotes":""},"categories":[49],"tags":[163,22],"class_list":["post-5144","post","type-post","status-publish","format-standard","has-post-thumbnail","hentry","category-noticias","tag-pami","tag-salud-mental"],"jetpack_featured_media_url":"https:\/\/defensoriarionegro.gov.ar\/drn\/wp-content\/uploads\/2020\/08\/reunion-saludmental-2.png","jetpack_sharing_enabled":true,"_links":{"self":[{"href":"https:\/\/defensoriarionegro.gov.ar\/drn\/wp-json\/wp\/v2\/posts\/5144","targetHints":{"allow":["GET"]}}],"collection":[{"href":"https:\/\/defensoriarionegro.gov.ar\/drn\/wp-json\/wp\/v2\/posts"}],"about":[{"href":"https:\/\/defensoriarionegro.gov.ar\/drn\/wp-json\/wp\/v2\/types\/post"}],"author":[{"embeddable":true,"href":"https:\/\/defensoriarionegro.gov.ar\/drn\/wp-json\/wp\/v2\/users\/2"}],"replies":[{"embeddable":true,"href":"https:\/\/defensoriarionegro.gov.ar\/drn\/wp-json\/wp\/v2\/comments?post=5144"}],"version-history":[{"count":1,"href":"https:\/\/defensoriarionegro.gov.ar\/drn\/wp-json\/wp\/v2\/posts\/5144\/revisions"}],"predecessor-version":[{"id":12310,"href":"https:\/\/defensoriarionegro.gov.ar\/drn\/wp-json\/wp\/v2\/posts\/5144\/revisions\/12310"}],"wp:featuredmedia":[{"embeddable":true,"href":"https:\/\/defensoriarionegro.gov.ar\/drn\/wp-json\/wp\/v2\/media\/5156"}],"wp:attachment":[{"href":"https:\/\/defensoriarionegro.gov.ar\/drn\/wp-json\/wp\/v2\/media?parent=5144"}],"wp:term":[{"taxonomy":"category","embeddable":true,"href":"https:\/\/defensoriarionegro.gov.ar\/drn\/wp-json\/wp\/v2\/categories?post=5144"},{"taxonomy":"post_tag","embeddable":true,"href":"https:\/\/defensoriarionegro.gov.ar\/drn\/wp-json\/wp\/v2\/tags?post=5144"}],"curies":[{"name":"wp","href":"https:\/\/api.w.org\/{rel}","templated":true}]}}