{"id":5161,"date":"2020-08-15T12:53:59","date_gmt":"2020-08-15T12:53:59","guid":{"rendered":"https:\/\/defensoriarionegro.gov.ar\/drn\/?p=5161"},"modified":"2025-08-29T12:15:11","modified_gmt":"2025-08-29T15:15:11","slug":"evaluaciones-interdisciplinarias-y-monitoreos-de-instituciones-en-pandemia","status":"publish","type":"post","link":"https:\/\/defensoriarionegro.gov.ar\/drn\/evaluaciones-interdisciplinarias-y-monitoreos-de-instituciones-en-pandemia\/","title":{"rendered":"Evaluaciones Interdisciplinarias y Monitoreos de Instituciones en Pandemia"},"content":{"rendered":"<p lang=\"es-ES\" align=\"justify\">Teniendo en cuenta el contexto actual de emergencia sanitaria generada por la pandemia COVID-19, el Plenario del \u00d3rgano de Revisi\u00f3n de Salud Mental aprob\u00f3 el pasado 31 de Julio la metodolog\u00eda para realizar las evaluaciones interdisciplinarias, como as\u00ed tambi\u00e9n el monitoreo de las instituciones involucradas.<\/p>\n<p lang=\"es-ES\" align=\"justify\">Con el fin de dar respuesta a la atenci\u00f3n en salud mental en el contexto actual de emergencia sanitaria y ofrecer una serie de lineamientos, recomendaciones y propuestas para garantizar la protecci\u00f3n de los derechos humanos de la poblaci\u00f3n internada por motivos de salud mental, desde la Secretaria Ejecutiva del ORSM se elaboraron dos documentos referidos a los procedimientos por los cuales dichas evaluaciones interdisciplinarias deben ser llevadas a cabo, como as\u00ed tambi\u00e9n en relaci\u00f3n el monitoreo de las instituciones de salud involucradas, denominados \u201cPautas para la evaluaci\u00f3n interdisciplinaria en contexto de pandemia\u201d y \u201cPautas para el monitoreo institucional COVID-19\u201d.<\/p>\n<p lang=\"es-ES\" align=\"justify\">La metodolog\u00eda de evaluaci\u00f3n combinar\u00e1 el uso de medios electr\u00f3nicos (zoom, meet, etc.) con los equipos tratantes, con los familiares y en caso de ser posible con los usuarios del sistema, as\u00ed como el acceso a informaci\u00f3n que se requiera v\u00eda correo electr\u00f3nico. Adem\u00e1s, la colaboraci\u00f3n de profesionales de otras \u00e1reas del Estado para el caso de evaluaciones personales, esto teniendo en cuenta las limitaciones de circulaci\u00f3n actuales.<\/p>\n<p lang=\"es-ES\" align=\"justify\"><a href=\"https:\/\/defensoriarionegro.gov.ar\/drn\/wp-content\/uploads\/2020\/07\/Resoluci%C3%B3n-DPTN-N%C2%BA072-2020.pdf\"><img decoding=\"async\" class=\"alignnone wp-image-2581\" src=\"https:\/\/defensoriarionegro.gov.ar\/drn\/wp-content\/uploads\/2018\/08\/pdf-icono.png\" alt=\"\" width=\"25\" height=\"25\" \/><\/a><a href=\"https:\/\/defensoriarionegro.gov.ar\/drn\/wp-content\/uploads\/2020\/08\/Resolucion-02-2020-P_ORSM.pdf\" target=\"_blank\" rel=\"noopener noreferrer\"> Resolucion 02-2020 P_ORSM<\/a><\/p>\n","protected":false},"excerpt":{"rendered":"<p>Teniendo en cuenta el contexto actual de emergencia sanitaria generada por la pandemia COVID-19, el Plenario del \u00d3rgano de Revisi\u00f3n de Salud Mental aprob\u00f3 el pasado 31 de Julio la metodolog\u00eda para realizar las evaluaciones interdisciplinarias, como as\u00ed tambi\u00e9n el monitoreo de las instituciones involucradas. Con el fin de dar respuesta a la atenci\u00f3n en [&hellip;]<\/p>\n","protected":false},"author":2,"featured_media":5162,"comment_status":"closed","ping_status":"open","sticky":false,"template":"","format":"standard","meta":{"_jetpack_memberships_contains_paid_content":false,"footnotes":""},"categories":[49],"tags":[164,22],"class_list":["post-5161","post","type-post","status-publish","format-standard","has-post-thumbnail","hentry","category-noticias","tag-covid","tag-salud-mental"],"jetpack_featured_media_url":"https:\/\/defensoriarionegro.gov.ar\/drn\/wp-content\/uploads\/2020\/08\/Plenario-salud_mental-RN.png","jetpack_sharing_enabled":true,"_links":{"self":[{"href":"https:\/\/defensoriarionegro.gov.ar\/drn\/wp-json\/wp\/v2\/posts\/5161","targetHints":{"allow":["GET"]}}],"collection":[{"href":"https:\/\/defensoriarionegro.gov.ar\/drn\/wp-json\/wp\/v2\/posts"}],"about":[{"href":"https:\/\/defensoriarionegro.gov.ar\/drn\/wp-json\/wp\/v2\/types\/post"}],"author":[{"embeddable":true,"href":"https:\/\/defensoriarionegro.gov.ar\/drn\/wp-json\/wp\/v2\/users\/2"}],"replies":[{"embeddable":true,"href":"https:\/\/defensoriarionegro.gov.ar\/drn\/wp-json\/wp\/v2\/comments?post=5161"}],"version-history":[{"count":1,"href":"https:\/\/defensoriarionegro.gov.ar\/drn\/wp-json\/wp\/v2\/posts\/5161\/revisions"}],"predecessor-version":[{"id":12309,"href":"https:\/\/defensoriarionegro.gov.ar\/drn\/wp-json\/wp\/v2\/posts\/5161\/revisions\/12309"}],"wp:featuredmedia":[{"embeddable":true,"href":"https:\/\/defensoriarionegro.gov.ar\/drn\/wp-json\/wp\/v2\/media\/5162"}],"wp:attachment":[{"href":"https:\/\/defensoriarionegro.gov.ar\/drn\/wp-json\/wp\/v2\/media?parent=5161"}],"wp:term":[{"taxonomy":"category","embeddable":true,"href":"https:\/\/defensoriarionegro.gov.ar\/drn\/wp-json\/wp\/v2\/categories?post=5161"},{"taxonomy":"post_tag","embeddable":true,"href":"https:\/\/defensoriarionegro.gov.ar\/drn\/wp-json\/wp\/v2\/tags?post=5161"}],"curies":[{"name":"wp","href":"https:\/\/api.w.org\/{rel}","templated":true}]}}