{"id":5280,"date":"2020-10-21T13:19:34","date_gmt":"2020-10-21T13:19:34","guid":{"rendered":"https:\/\/defensoriarionegro.gov.ar\/drn\/?p=5280"},"modified":"2025-08-29T12:14:51","modified_gmt":"2025-08-29T15:14:51","slug":"la-defensora-solicito-al-ministerio-de-salud-evalue-en-profundidad-el-tratamiento-con-ibuprofeno-inhalado-en-pacientes-graves-con-covid-19","status":"publish","type":"post","link":"https:\/\/defensoriarionegro.gov.ar\/drn\/la-defensora-solicito-al-ministerio-de-salud-evalue-en-profundidad-el-tratamiento-con-ibuprofeno-inhalado-en-pacientes-graves-con-covid-19\/","title":{"rendered":"La defensora solicit\u00f3 al Ministerio de Salud eval\u00fae, en profundidad, el tratamiento con \u201cibuprofeno inhalado\u201d en pacientes graves con Covid 19."},"content":{"rendered":"<p>21 de octubre de 2020- Ante diversos reclamos recibidos en la Defensor\u00eda del Pueblo de R\u00edo Negro que solicitan la implementaci\u00f3n del tratamiento con \u201cIbuprofeno inhalado\u201d, la defensora Santagati realiz\u00f3 una exhaustiva investigaci\u00f3n que incluy\u00f3: las consultas de rigor a los organismos competentes; la comunicaci\u00f3n telef\u00f3nica con el Dr. Dante Beltramo , investigador principal del Ceprocor, quien lidera la investigaci\u00f3n del referido tratamiento; la consulta a la Facultad de Ciencias M\u00e9dicas de la Universidad Nacional del Comahue; la recopilaci\u00f3n de informaci\u00f3n relativa a la implementaci\u00f3n de ese tratamiento en otras jurisdicciones (C\u00f3rdoba, Santa Fe, Mendoza y Jujuy); as\u00ed como sobre sus beneficios y riesgos m\u00e9dicos.<\/p>\n<p>El informe enviado desde el Ministerio de Salud indica que \u201cesta formulaci\u00f3n no se encuentra avalada por la ANMAT para ese uso y en esa forma de administraci\u00f3n en nuestro pa\u00eds.(\u2026) Adem\u00e1s no existe evidencia acerca de la seguridad del uso del f\u00e1rmaco (\u2026)\u201d.<\/p>\n<p>En igual sentido, el documento emitido por la Facultad de Ciencias M\u00e9dicas de la Universidad Nacional del Comahue, recomienda que \u201cmientras no exista una autorizaci\u00f3n formal por parte de los entes oficiales reguladores de la salud de la Naci\u00f3n, los equipos m\u00e9dicos se abstengan de utilizar el ibuprofeno inhalado, a menos que sea dentro del contexto de un estudio de investigaci\u00f3n correctamente dise\u00f1ado, presentado, evaluado y aprobado por las autoridades provinciales\u201d.<\/p>\n<p>Por otra parte, la informaci\u00f3n recabada sobre las diferentes experiencias a lo largo del pa\u00eds, dan cuenta que a la fecha la implementaci\u00f3n del referido tratamiento ha obtenido autorizaci\u00f3n de los Ministerios de Salud de las Provincias de C\u00f3rdoba, Santa Fe, Buenos Aires, Jujuy, Salta y La Rioja.<\/p>\n<p>\u201cEsta Defensor\u00eda entiende que la in\u00e9dita situaci\u00f3n de emergencia sanitaria que atraviesa el mundo demanda de las autoridades p\u00fablicas una gran adaptabilidad e innovaci\u00f3n, que les permita brindar en los vertiginosos tiempos que la situaci\u00f3n reclama la mayor cantidad de respuestas posibles\u201d, expresa Santagati a trav\u00e9s de su Resoluci\u00f3n.<\/p>\n<p>\u201cComo ha destacado la Corte Interamericana de Derechos Humanos, -cita la Resoluci\u00f3n 157 DPRN- el derecho a la vida comprende no s\u00f3lo el derecho de todo ser humano de no ser privado de la vida arbitrariamente, sino que adem\u00e1s requiere que los Estados tomen todas las medidas apropiadas para proteger y preservar su ejercicio (\u2026) De su salvaguarda depende la realizaci\u00f3n de los dem\u00e1s derechos, por lo que el tribunal le asigna un valor central y desecha la posibilidad de enfoques restrictivos\u201d.<\/p>\n<p>En esta l\u00ednea, Santagati considera que \u201cel Estado tiene la obligaci\u00f3n de agotar la evaluaci\u00f3n de los tratamientos m\u00e9dicos disponibles para evitar la muerte de los pacientes con COVID-19, no pudiendo escudarse en la ausencia de evaluaciones cient\u00edficas m\u00e1s exhaustivas que, naturalmente, no podr\u00edan existir, habida cuenta de lo novedoso del virus que se intenta combatir\u201d.\u00a0Por ello, exhort\u00f3 al Ministerio de Salud para que arbitre las medidas que permitan\u00a0\u00a0evaluar\u00a0adecuadamente la posibilidad de utilizar el\u00a0tratamiento\u00a0de ibuprofeno inhalado para pacientes graves con Covid-19.<\/p>\n<p>&nbsp;<\/p>\n","protected":false},"excerpt":{"rendered":"<p>21 de octubre de 2020- Ante diversos reclamos recibidos en la Defensor\u00eda del Pueblo de R\u00edo Negro que solicitan la implementaci\u00f3n del tratamiento con \u201cIbuprofeno inhalado\u201d, la defensora Santagati realiz\u00f3 una exhaustiva investigaci\u00f3n que incluy\u00f3: las consultas de rigor a los organismos competentes; la comunicaci\u00f3n telef\u00f3nica con el Dr. Dante Beltramo , investigador principal del [&hellip;]<\/p>\n","protected":false},"author":2,"featured_media":5281,"comment_status":"closed","ping_status":"open","sticky":false,"template":"","format":"standard","meta":{"_jetpack_memberships_contains_paid_content":false,"footnotes":""},"categories":[49],"tags":[164],"class_list":["post-5280","post","type-post","status-publish","format-standard","has-post-thumbnail","hentry","category-noticias","tag-covid"],"jetpack_featured_media_url":"https:\/\/defensoriarionegro.gov.ar\/drn\/wp-content\/uploads\/2020\/10\/ibuprofeno.jpg","jetpack_sharing_enabled":true,"_links":{"self":[{"href":"https:\/\/defensoriarionegro.gov.ar\/drn\/wp-json\/wp\/v2\/posts\/5280","targetHints":{"allow":["GET"]}}],"collection":[{"href":"https:\/\/defensoriarionegro.gov.ar\/drn\/wp-json\/wp\/v2\/posts"}],"about":[{"href":"https:\/\/defensoriarionegro.gov.ar\/drn\/wp-json\/wp\/v2\/types\/post"}],"author":[{"embeddable":true,"href":"https:\/\/defensoriarionegro.gov.ar\/drn\/wp-json\/wp\/v2\/users\/2"}],"replies":[{"embeddable":true,"href":"https:\/\/defensoriarionegro.gov.ar\/drn\/wp-json\/wp\/v2\/comments?post=5280"}],"version-history":[{"count":1,"href":"https:\/\/defensoriarionegro.gov.ar\/drn\/wp-json\/wp\/v2\/posts\/5280\/revisions"}],"predecessor-version":[{"id":12308,"href":"https:\/\/defensoriarionegro.gov.ar\/drn\/wp-json\/wp\/v2\/posts\/5280\/revisions\/12308"}],"wp:featuredmedia":[{"embeddable":true,"href":"https:\/\/defensoriarionegro.gov.ar\/drn\/wp-json\/wp\/v2\/media\/5281"}],"wp:attachment":[{"href":"https:\/\/defensoriarionegro.gov.ar\/drn\/wp-json\/wp\/v2\/media?parent=5280"}],"wp:term":[{"taxonomy":"category","embeddable":true,"href":"https:\/\/defensoriarionegro.gov.ar\/drn\/wp-json\/wp\/v2\/categories?post=5280"},{"taxonomy":"post_tag","embeddable":true,"href":"https:\/\/defensoriarionegro.gov.ar\/drn\/wp-json\/wp\/v2\/tags?post=5280"}],"curies":[{"name":"wp","href":"https:\/\/api.w.org\/{rel}","templated":true}]}}