{"id":5491,"date":"2020-12-22T16:00:57","date_gmt":"2020-12-22T16:00:57","guid":{"rendered":"https:\/\/defensoriarionegro.gov.ar\/drn\/?p=5491"},"modified":"2025-08-29T12:14:01","modified_gmt":"2025-08-29T15:14:01","slug":"la-defensora-del-pueblo-brindo-hoy-el-informe-in-voce-ante-la-legislatura-de-rio-negro","status":"publish","type":"post","link":"https:\/\/defensoriarionegro.gov.ar\/drn\/la-defensora-del-pueblo-brindo-hoy-el-informe-in-voce-ante-la-legislatura-de-rio-negro\/","title":{"rendered":"La defensora del pueblo brind\u00f3 hoy el informe In Voce ante la Legislatura de R\u00edo Negro."},"content":{"rendered":"<p>22 de diciembre de 2020\u2013 La defensora del pueblo, Adriana Santagati, brind\u00f3 hoy el informe In Voce en la Legislatura rionegrina. La defensora expuso un res\u00famen del Informe Anual sobre las acciones llevadas adelante por el organismo de control durante el per\u00edodo comprendido entre el 01 de noviembre de 2019 y el 31 de octubre de 2020.<\/p>\n<p align=\"justify\"><span style=\"font-family: Arial, sans-serif;\">Durante su exposici\u00f3n Santagati expres\u00f3: \u00abEste per\u00edodo quedar\u00e1 grabado en nuestra memoria por lo doloroso y traum\u00e1tico del que nuestro pa\u00eds y nuestra provincia no ha sido ajeno. Sin dudas una bisagra en la historia de la humanidad.<\/span><\/p>\n<p align=\"justify\"><span style=\"font-family: Arial, sans-serif;\"> Tenemos la responsabilidad de reflexionar lo que nos ha pasado, interpelar lo que nos esta sucediendo hoy, lo que nos est\u00e1 atravesando, que cambi\u00f3 un orden que nos parec\u00eda inexorable.<\/span><\/p>\n<p align=\"justify\"><span style=\"font-family: Arial, sans-serif;\"> Vale la pena hacer un esfuerzo retrospectivo, para tratar de saber como hubi\u00e9ramos imaginado que \u00edbamos prever esta realidad, en funci\u00f3n de c\u00f3mo estabamos viviendo.<\/span><\/p>\n<p align=\"justify\"><span style=\"font-family: Arial, sans-serif;\"> Ha habido en este a\u00f1o muchas p\u00e9rdidas en todos los ordenes. Pero tambi\u00e9n una oportunidad de volver a pensar pol\u00edticamente como debe ser nuestro futuro, cu\u00e1les son las deudas de la democracia. <b>Es tiempo de dar una batalla esencialmente cultural. Y esto tiene que ver con la deconstrucci\u00f3n de aquello <\/b><b>que se convirti\u00f3 en la verdad de un sistema que la pandemia puso en crisis.\u00bb<\/b><\/span><\/p>\n<p align=\"justify\">Link para ver la sesi\u00f3n online: <a href=\"https:\/\/www.youtube.com\/watch?v=okleJqL8CuI\" target=\"_blank\" rel=\"noopener noreferrer\">https:\/\/www.youtube.com\/watch?v=okleJqL8CuI<\/a><\/p>\n<p align=\"justify\">[su_custom_gallery source=\u00bbmedia: 5492,5495,5494,5493&#8243; link=\u00bblightbox\u00bb target=\u00bbblank\u00bb width=\u00bb300&#8243; height=\u00bb190&#8243; title=\u00bbnever\u00bb]<\/p>\n","protected":false},"excerpt":{"rendered":"<p>22 de diciembre de 2020\u2013 La defensora del pueblo, Adriana Santagati, brind\u00f3 hoy el informe In Voce en la Legislatura rionegrina. La defensora expuso un res\u00famen del Informe Anual sobre las acciones llevadas adelante por el organismo de control durante el per\u00edodo comprendido entre el 01 de noviembre de 2019 y el 31 de octubre [&hellip;]<\/p>\n","protected":false},"author":2,"featured_media":5496,"comment_status":"closed","ping_status":"open","sticky":false,"template":"","format":"standard","meta":{"_jetpack_memberships_contains_paid_content":false,"footnotes":""},"categories":[49],"tags":[56],"class_list":["post-5491","post","type-post","status-publish","format-standard","has-post-thumbnail","hentry","category-noticias","tag-informe-anual"],"jetpack_featured_media_url":"https:\/\/defensoriarionegro.gov.ar\/drn\/wp-content\/uploads\/2020\/12\/P1210584.jpg","jetpack_sharing_enabled":true,"_links":{"self":[{"href":"https:\/\/defensoriarionegro.gov.ar\/drn\/wp-json\/wp\/v2\/posts\/5491","targetHints":{"allow":["GET"]}}],"collection":[{"href":"https:\/\/defensoriarionegro.gov.ar\/drn\/wp-json\/wp\/v2\/posts"}],"about":[{"href":"https:\/\/defensoriarionegro.gov.ar\/drn\/wp-json\/wp\/v2\/types\/post"}],"author":[{"embeddable":true,"href":"https:\/\/defensoriarionegro.gov.ar\/drn\/wp-json\/wp\/v2\/users\/2"}],"replies":[{"embeddable":true,"href":"https:\/\/defensoriarionegro.gov.ar\/drn\/wp-json\/wp\/v2\/comments?post=5491"}],"version-history":[{"count":1,"href":"https:\/\/defensoriarionegro.gov.ar\/drn\/wp-json\/wp\/v2\/posts\/5491\/revisions"}],"predecessor-version":[{"id":12306,"href":"https:\/\/defensoriarionegro.gov.ar\/drn\/wp-json\/wp\/v2\/posts\/5491\/revisions\/12306"}],"wp:featuredmedia":[{"embeddable":true,"href":"https:\/\/defensoriarionegro.gov.ar\/drn\/wp-json\/wp\/v2\/media\/5496"}],"wp:attachment":[{"href":"https:\/\/defensoriarionegro.gov.ar\/drn\/wp-json\/wp\/v2\/media?parent=5491"}],"wp:term":[{"taxonomy":"category","embeddable":true,"href":"https:\/\/defensoriarionegro.gov.ar\/drn\/wp-json\/wp\/v2\/categories?post=5491"},{"taxonomy":"post_tag","embeddable":true,"href":"https:\/\/defensoriarionegro.gov.ar\/drn\/wp-json\/wp\/v2\/tags?post=5491"}],"curies":[{"name":"wp","href":"https:\/\/api.w.org\/{rel}","templated":true}]}}