{"id":5583,"date":"2021-01-04T14:39:09","date_gmt":"2021-01-04T14:39:09","guid":{"rendered":"https:\/\/defensoriarionegro.gov.ar\/drn\/?p=5583"},"modified":"2021-01-04T14:39:09","modified_gmt":"2021-01-04T14:39:09","slug":"falta-de-agua-del-barrio-de-la-parte-alta-de-nahuel-hue-en-san-carlos-de-bariloche","status":"publish","type":"post","link":"https:\/\/defensoriarionegro.gov.ar\/drn\/falta-de-agua-del-barrio-de-la-parte-alta-de-nahuel-hue-en-san-carlos-de-bariloche\/","title":{"rendered":"Falta de agua del barrio de la parte alta de Nahuel Hue\u00a0en San Carlos de Bariloche"},"content":{"rendered":"<p>La falta de agua de\u00a0vecinos del barrio\u00a0de la parte alta de Nahuel Hue\u00a0dio lugar a la intervenci\u00f3n de la Defensor\u00eda del Pueblo ante la empresa distribuidora\u00a0ARSA.<\/p>\n<p>Los vecinos denunciaron la\u00a0falta\u00a0de suministro del servicio por baja presi\u00f3n y pidieron\u00a0la colaboraci\u00f3n de quienes viven m\u00e1s abajo para que no se malgaste el agua o se solucionen las p\u00e9rdidas y reclamaron\u00a0respuestas a las autoridades.<\/p>\n<p>Por este motivo, desde Defensor\u00eda del Pueblo se tom\u00f3 contacto con la Delegaci\u00f3n Andina de ARSA a fin de conocer las medidas\u00a0adoptadas\u00a0para solucionar el problema. En la oportunidad el jefe zonal inform\u00f3 que se encontraban trabajando el mismo d\u00eda que la situaci\u00f3n tom\u00f3 estado p\u00fablico\u00a0y\u00a0con el objetivo\u00a0de llevar a cabo la realizaci\u00f3n de una peque\u00f1a obra que brinde mayor presi\u00f3n a la red existente,\u00a0para lo cual se\u00a0espera\u00a0la llegada de\u00a0unas piezas especiales\u00a0que permitan hacer\u00a0el empalme necesario.<\/p>\n<p>La Defensor\u00eda sigue en contacto con las autoridades de la empresa para monitorear el cumplimiento efectivo y en el menor tiempo posible de la obra\u00a0que permita garantizar la provisi\u00f3n normal del servicio.<\/p>\n","protected":false},"excerpt":{"rendered":"<p>La falta de agua de\u00a0vecinos del barrio\u00a0de la parte alta de Nahuel Hue\u00a0dio lugar a la intervenci\u00f3n de la Defensor\u00eda del Pueblo ante la empresa distribuidora\u00a0ARSA. Los vecinos denunciaron la\u00a0falta\u00a0de suministro del servicio por baja presi\u00f3n y pidieron\u00a0la colaboraci\u00f3n de quienes viven m\u00e1s abajo para que no se malgaste el agua o se solucionen las [&hellip;]<\/p>\n","protected":false},"author":2,"featured_media":5585,"comment_status":"closed","ping_status":"open","sticky":false,"template":"","format":"standard","meta":{"_jetpack_memberships_contains_paid_content":false,"footnotes":""},"categories":[49],"tags":[170,171],"class_list":["post-5583","post","type-post","status-publish","format-standard","has-post-thumbnail","hentry","category-noticias","tag-agua","tag-arsa"],"jetpack_featured_media_url":"https:\/\/defensoriarionegro.gov.ar\/drn\/wp-content\/uploads\/2021\/01\/sinagua.jpg","jetpack_sharing_enabled":true,"_links":{"self":[{"href":"https:\/\/defensoriarionegro.gov.ar\/drn\/wp-json\/wp\/v2\/posts\/5583","targetHints":{"allow":["GET"]}}],"collection":[{"href":"https:\/\/defensoriarionegro.gov.ar\/drn\/wp-json\/wp\/v2\/posts"}],"about":[{"href":"https:\/\/defensoriarionegro.gov.ar\/drn\/wp-json\/wp\/v2\/types\/post"}],"author":[{"embeddable":true,"href":"https:\/\/defensoriarionegro.gov.ar\/drn\/wp-json\/wp\/v2\/users\/2"}],"replies":[{"embeddable":true,"href":"https:\/\/defensoriarionegro.gov.ar\/drn\/wp-json\/wp\/v2\/comments?post=5583"}],"version-history":[{"count":0,"href":"https:\/\/defensoriarionegro.gov.ar\/drn\/wp-json\/wp\/v2\/posts\/5583\/revisions"}],"wp:featuredmedia":[{"embeddable":true,"href":"https:\/\/defensoriarionegro.gov.ar\/drn\/wp-json\/wp\/v2\/media\/5585"}],"wp:attachment":[{"href":"https:\/\/defensoriarionegro.gov.ar\/drn\/wp-json\/wp\/v2\/media?parent=5583"}],"wp:term":[{"taxonomy":"category","embeddable":true,"href":"https:\/\/defensoriarionegro.gov.ar\/drn\/wp-json\/wp\/v2\/categories?post=5583"},{"taxonomy":"post_tag","embeddable":true,"href":"https:\/\/defensoriarionegro.gov.ar\/drn\/wp-json\/wp\/v2\/tags?post=5583"}],"curies":[{"name":"wp","href":"https:\/\/api.w.org\/{rel}","templated":true}]}}