{"id":5792,"date":"2021-03-02T15:03:16","date_gmt":"2021-03-02T15:03:16","guid":{"rendered":"https:\/\/defensoriarionegro.gov.ar\/drn\/?p=5792"},"modified":"2021-03-02T15:03:16","modified_gmt":"2021-03-02T15:03:16","slug":"reunion-con-vecinos-por-la-obra-de-la-estacion-elevadora-de-liquidos-cloacales-en-viedma","status":"publish","type":"post","link":"https:\/\/defensoriarionegro.gov.ar\/drn\/reunion-con-vecinos-por-la-obra-de-la-estacion-elevadora-de-liquidos-cloacales-en-viedma\/","title":{"rendered":"Reuni\u00f3n con vecinos por la obra de la estaci\u00f3n elevadora de l\u00edquidos cloacales"},"content":{"rendered":"<p dir=\"ltr\"><span lang=\"es-ES\">En el d\u00eda de ayer se llevo a cabo una reuni\u00f3n coordinada por la defensora del Pueblo de R\u00edo Negro, Adriana Santagati. De ella participaron vecinos representantes de los barrios Norte y Comercio de Viedma, autoridades del Departamento Provincial de Aguas, Municipalidad de Viedma, Secretar\u00eda de Ambiente de R\u00edo Negro y el titular de la empresa constructora.<\/span><\/p>\n<p>Los vecinos plantearon su rechazo a la instalaci\u00f3n de esa estaci\u00f3n elevadora, fundamentando su postura en la posible\u00a0<span lang=\"es-ES\">emanaci\u00f3n de olores y problemas que pueda producir la estaci\u00f3n en un futuro. En ese marco, desde el DPA se puso a <\/span><span lang=\"es-ES\">consideraci\u00f3n<\/span><span lang=\"es-ES\"> toda la <\/span><span lang=\"es-ES\">informaci\u00f3n<\/span><span lang=\"es-ES\"> administrativa, se dieron a conocer los detalles <\/span><span lang=\"es-ES\">t\u00e9cnicos<\/span><span lang=\"es-ES\"> de la obra y los motivos del emplazamiento en ese lugar.<\/span><\/p>\n<p>Vale recordar que esta obra se encuentra suspendida por el DPA, y\u00a0 forma parte del Plan Director de Saneamiento para la ciudad de Viedma con vuelco cero al r\u00edo .<\/p>\n","protected":false},"excerpt":{"rendered":"<p>En el d\u00eda de ayer se llevo a cabo una reuni\u00f3n coordinada por la defensora del Pueblo de R\u00edo Negro, Adriana Santagati. De ella participaron vecinos representantes de los barrios Norte y Comercio de Viedma, autoridades del Departamento Provincial de Aguas, Municipalidad de Viedma, Secretar\u00eda de Ambiente de R\u00edo Negro y el titular de la [&hellip;]<\/p>\n","protected":false},"author":2,"featured_media":5793,"comment_status":"closed","ping_status":"open","sticky":false,"template":"","format":"standard","meta":{"_jetpack_memberships_contains_paid_content":false,"footnotes":""},"categories":[49],"tags":[170,87],"class_list":["post-5792","post","type-post","status-publish","format-standard","has-post-thumbnail","hentry","category-noticias","tag-agua","tag-cloacas"],"jetpack_featured_media_url":"https:\/\/defensoriarionegro.gov.ar\/drn\/wp-content\/uploads\/2021\/03\/IMG_0164-scaled-1.jpg","jetpack_sharing_enabled":true,"_links":{"self":[{"href":"https:\/\/defensoriarionegro.gov.ar\/drn\/wp-json\/wp\/v2\/posts\/5792","targetHints":{"allow":["GET"]}}],"collection":[{"href":"https:\/\/defensoriarionegro.gov.ar\/drn\/wp-json\/wp\/v2\/posts"}],"about":[{"href":"https:\/\/defensoriarionegro.gov.ar\/drn\/wp-json\/wp\/v2\/types\/post"}],"author":[{"embeddable":true,"href":"https:\/\/defensoriarionegro.gov.ar\/drn\/wp-json\/wp\/v2\/users\/2"}],"replies":[{"embeddable":true,"href":"https:\/\/defensoriarionegro.gov.ar\/drn\/wp-json\/wp\/v2\/comments?post=5792"}],"version-history":[{"count":0,"href":"https:\/\/defensoriarionegro.gov.ar\/drn\/wp-json\/wp\/v2\/posts\/5792\/revisions"}],"wp:featuredmedia":[{"embeddable":true,"href":"https:\/\/defensoriarionegro.gov.ar\/drn\/wp-json\/wp\/v2\/media\/5793"}],"wp:attachment":[{"href":"https:\/\/defensoriarionegro.gov.ar\/drn\/wp-json\/wp\/v2\/media?parent=5792"}],"wp:term":[{"taxonomy":"category","embeddable":true,"href":"https:\/\/defensoriarionegro.gov.ar\/drn\/wp-json\/wp\/v2\/categories?post=5792"},{"taxonomy":"post_tag","embeddable":true,"href":"https:\/\/defensoriarionegro.gov.ar\/drn\/wp-json\/wp\/v2\/tags?post=5792"}],"curies":[{"name":"wp","href":"https:\/\/api.w.org\/{rel}","templated":true}]}}