{"id":5796,"date":"2021-03-02T15:41:32","date_gmt":"2021-03-02T15:41:32","guid":{"rendered":"https:\/\/defensoriarionegro.gov.ar\/drn\/?p=5796"},"modified":"2025-08-29T12:10:59","modified_gmt":"2025-08-29T15:10:59","slug":"la-defensora-del-pueblo-interviene-por-los-cortes-de-luz-en-localidades-de-la-costa-atlantica","status":"publish","type":"post","link":"https:\/\/defensoriarionegro.gov.ar\/drn\/la-defensora-del-pueblo-interviene-por-los-cortes-de-luz-en-localidades-de-la-costa-atlantica\/","title":{"rendered":"La defensora del pueblo interviene por los cortes de luz en localidades de la Costa Atl\u00e1ntica"},"content":{"rendered":"<p>Ante las quejas por reiterados cortes de energ\u00eda el\u00e9ctrica registrados durante el fin de semana y hasta el d\u00eda de hoy en las localidades de Viedma, San Antonio Oeste, SAE, Las Grutas y Sierra Grande, la defensora del pueblo solicit\u00f3 la intervenci\u00f3n del EPRE.<\/p>\n<p>\u00abLa Distribuidora EdERSA tiene la obligaci\u00f3n de garantizar un servicio con un nivel de calidad satisfactorio y para que ello sea posible debe realizar las inversiones y el mantenimiento necesarios. La falta de cumplimiento de estas pautas da lugar a la aplicaci\u00f3n de multas por parte del Ente Provincial Regulador de Electricidad\u00bb expres\u00f3 Santagati .<\/p>\n<p>Por este motivo y ante los hechos suscitados en diferentes localidades de la zona Atl\u00e1ntica, la defensora del pueblo adelant\u00f3 que recomendar\u00e1 al EPRE la aplicaci\u00f3n de la multa que corresponda y que la misma sea compensada en la factura de los usuarios. El Ente Regulador se encuentra trabajando desde el \u00e1rea de calidad del servicio para identificar las causas y exigir a la Distribuidora el cumplimiento de sus obligaciones.<\/p>\n<p>La afectaci\u00f3n incluy\u00f3 diferentes problemas en el normal suministro de energ\u00eda, provocando reiterados cortes y diferencias en la tensi\u00f3n con perjuicios para los usuarios que incluyeron no solo la falta del servicio sino la rotura de electrodom\u00e9sticos.<\/p>\n","protected":false},"excerpt":{"rendered":"<p>Ante las quejas por reiterados cortes de energ\u00eda el\u00e9ctrica registrados durante el fin de semana y hasta el d\u00eda de hoy en las localidades de Viedma, San Antonio Oeste, SAE, Las Grutas y Sierra Grande, la defensora del pueblo solicit\u00f3 la intervenci\u00f3n del EPRE. \u00abLa Distribuidora EdERSA tiene la obligaci\u00f3n de garantizar un servicio con [&hellip;]<\/p>\n","protected":false},"author":2,"featured_media":5799,"comment_status":"closed","ping_status":"open","sticky":false,"template":"","format":"standard","meta":{"_jetpack_memberships_contains_paid_content":false,"footnotes":""},"categories":[49],"tags":[180,151,96,28],"class_list":["post-5796","post","type-post","status-publish","format-standard","has-post-thumbnail","hentry","category-noticias","tag-cortes-de-energia","tag-edersa","tag-epre","tag-servicios-publicos"],"jetpack_featured_media_url":"https:\/\/defensoriarionegro.gov.ar\/drn\/wp-content\/uploads\/2021\/03\/edersa-cortes-electricidad.jpg","jetpack_sharing_enabled":true,"_links":{"self":[{"href":"https:\/\/defensoriarionegro.gov.ar\/drn\/wp-json\/wp\/v2\/posts\/5796","targetHints":{"allow":["GET"]}}],"collection":[{"href":"https:\/\/defensoriarionegro.gov.ar\/drn\/wp-json\/wp\/v2\/posts"}],"about":[{"href":"https:\/\/defensoriarionegro.gov.ar\/drn\/wp-json\/wp\/v2\/types\/post"}],"author":[{"embeddable":true,"href":"https:\/\/defensoriarionegro.gov.ar\/drn\/wp-json\/wp\/v2\/users\/2"}],"replies":[{"embeddable":true,"href":"https:\/\/defensoriarionegro.gov.ar\/drn\/wp-json\/wp\/v2\/comments?post=5796"}],"version-history":[{"count":1,"href":"https:\/\/defensoriarionegro.gov.ar\/drn\/wp-json\/wp\/v2\/posts\/5796\/revisions"}],"predecessor-version":[{"id":12299,"href":"https:\/\/defensoriarionegro.gov.ar\/drn\/wp-json\/wp\/v2\/posts\/5796\/revisions\/12299"}],"wp:featuredmedia":[{"embeddable":true,"href":"https:\/\/defensoriarionegro.gov.ar\/drn\/wp-json\/wp\/v2\/media\/5799"}],"wp:attachment":[{"href":"https:\/\/defensoriarionegro.gov.ar\/drn\/wp-json\/wp\/v2\/media?parent=5796"}],"wp:term":[{"taxonomy":"category","embeddable":true,"href":"https:\/\/defensoriarionegro.gov.ar\/drn\/wp-json\/wp\/v2\/categories?post=5796"},{"taxonomy":"post_tag","embeddable":true,"href":"https:\/\/defensoriarionegro.gov.ar\/drn\/wp-json\/wp\/v2\/tags?post=5796"}],"curies":[{"name":"wp","href":"https:\/\/api.w.org\/{rel}","templated":true}]}}