{"id":5995,"date":"2021-04-05T16:25:28","date_gmt":"2021-04-05T16:25:28","guid":{"rendered":"https:\/\/defensoriarionegro.gov.ar\/drn\/?p=5995"},"modified":"2021-04-05T16:25:28","modified_gmt":"2021-04-05T16:25:28","slug":"la-defensoria-del-pueblo-atendera-reclamos-en-el-juzgado-de-paz-de-guardia-mitre-la-atencion-se-realizara-manana-martes-06-de-abril-de-930-a-1130","status":"publish","type":"post","link":"https:\/\/defensoriarionegro.gov.ar\/drn\/la-defensoria-del-pueblo-atendera-reclamos-en-el-juzgado-de-paz-de-guardia-mitre-la-atencion-se-realizara-manana-martes-06-de-abril-de-930-a-1130\/","title":{"rendered":"La Defensor\u00eda del Pueblo atender\u00e1 reclamos en el Juzgado de Paz de Guardia Mitre. La atenci\u00f3n se realizar\u00e1 ma\u00f1ana, martes 06 de abril, de 9:30 a 11:30."},"content":{"rendered":"<p>05 de abril de 2021- Personal de la Defensor\u00eda del Pueblo estar\u00e1 presente, ma\u00f1ana martes 06 de abril, en la localidad de Guardia Mitre, con la finalidad de atender consultas y reclamos en el marco de la pol\u00edtica de presencia territorial que lleva adelante el organismo de control.<\/p>\n<p>A partir de las 9:30 los vecinos y vecinas podr\u00e1n realizar sus reclamos en el Juzgado de Paz (Martinolich 1206), para lo cual recomendamos contactarse con el Juzgado (02920 &#8211; 492012) \u00a0y solicitar el turno en cumplimiento del Protocolo vigente.<\/p>\n","protected":false},"excerpt":{"rendered":"<p>05 de abril de 2021- Personal de la Defensor\u00eda del Pueblo estar\u00e1 presente, ma\u00f1ana martes 06 de abril, en la localidad de Guardia Mitre, con la finalidad de atender consultas y reclamos en el marco de la pol\u00edtica de presencia territorial que lleva adelante el organismo de control. A partir de las 9:30 los vecinos [&hellip;]<\/p>\n","protected":false},"author":2,"featured_media":5994,"comment_status":"closed","ping_status":"open","sticky":false,"template":"","format":"standard","meta":{"_jetpack_memberships_contains_paid_content":false,"footnotes":""},"categories":[18,49],"tags":[],"class_list":["post-5995","post","type-post","status-publish","format-standard","has-post-thumbnail","hentry","category-gacetillas","category-noticias"],"jetpack_featured_media_url":"https:\/\/defensoriarionegro.gov.ar\/drn\/wp-content\/uploads\/2021\/04\/balsa-guardia-mitre.jpg","jetpack_sharing_enabled":true,"_links":{"self":[{"href":"https:\/\/defensoriarionegro.gov.ar\/drn\/wp-json\/wp\/v2\/posts\/5995","targetHints":{"allow":["GET"]}}],"collection":[{"href":"https:\/\/defensoriarionegro.gov.ar\/drn\/wp-json\/wp\/v2\/posts"}],"about":[{"href":"https:\/\/defensoriarionegro.gov.ar\/drn\/wp-json\/wp\/v2\/types\/post"}],"author":[{"embeddable":true,"href":"https:\/\/defensoriarionegro.gov.ar\/drn\/wp-json\/wp\/v2\/users\/2"}],"replies":[{"embeddable":true,"href":"https:\/\/defensoriarionegro.gov.ar\/drn\/wp-json\/wp\/v2\/comments?post=5995"}],"version-history":[{"count":0,"href":"https:\/\/defensoriarionegro.gov.ar\/drn\/wp-json\/wp\/v2\/posts\/5995\/revisions"}],"wp:featuredmedia":[{"embeddable":true,"href":"https:\/\/defensoriarionegro.gov.ar\/drn\/wp-json\/wp\/v2\/media\/5994"}],"wp:attachment":[{"href":"https:\/\/defensoriarionegro.gov.ar\/drn\/wp-json\/wp\/v2\/media?parent=5995"}],"wp:term":[{"taxonomy":"category","embeddable":true,"href":"https:\/\/defensoriarionegro.gov.ar\/drn\/wp-json\/wp\/v2\/categories?post=5995"},{"taxonomy":"post_tag","embeddable":true,"href":"https:\/\/defensoriarionegro.gov.ar\/drn\/wp-json\/wp\/v2\/tags?post=5995"}],"curies":[{"name":"wp","href":"https:\/\/api.w.org\/{rel}","templated":true}]}}