{"id":6006,"date":"2021-04-08T16:43:27","date_gmt":"2021-04-08T16:43:27","guid":{"rendered":"https:\/\/defensoriarionegro.gov.ar\/drn\/?p=6006"},"modified":"2021-04-08T16:43:27","modified_gmt":"2021-04-08T16:43:27","slug":"comunicacion-telefonica-entre-santagati-y-zgaib-por-el-sistema-de-vacunacion-en-viedma","status":"publish","type":"post","link":"https:\/\/defensoriarionegro.gov.ar\/drn\/comunicacion-telefonica-entre-santagati-y-zgaib-por-el-sistema-de-vacunacion-en-viedma\/","title":{"rendered":"Comunicaci\u00f3n entre Santagati y Zgaib por el sistema de vacunaci\u00f3n en Viedma"},"content":{"rendered":"<p>08 de abril de 2021-Ante la preocupaci\u00f3n de vecinos y vecinas de Viedma por el sistema de aplicaci\u00f3n de las vacunas por Covid 19 la defensora del pueblo de R\u00edo Negro, Adriana Santagati, mantuvo una conversaci\u00f3n con el ministro de Salud, Fabi\u00e1n Zgaib.<\/p>\n<p>En la oportunidad, la defensora manifest\u00f3 su inquietud por la demora en la atenci\u00f3n del 0800 y falta de claridad en la informaci\u00f3n referida a diversos aspectos, tales como la reprogramaci\u00f3n de la aplicaci\u00f3n de las segundas dosis, la actualizaci\u00f3n diaria respecto al avance del plan y la reprogramaci\u00f3n de los turnos.<\/p>\n<p>Santagati le resalt\u00f3 al ministro la importancia respecto a que se mantenga actualizada toda la informaci\u00f3n sobre este tema en la p\u00e1gina web de la cartera de Salud, como as\u00ed tambi\u00e9n en la App destinada a la inscripci\u00f3n de solicitud de turnos para recibir la vacuna.<\/p>\n<p>\u201cLa aplicaci\u00f3n de la vacuna por el virus Covid 19 es una cuesti\u00f3n de alt\u00edsima preocupaci\u00f3n para la ciudadan\u00eda. Por eso, es imprescindible la coordinaci\u00f3n permanente en la ejecuci\u00f3n del plan de vacunaci\u00f3n y que toda\u00a0la informaci\u00f3n referida a este tema sea clara y actualizada, muy especialmente en esta etapa para las personas que recibieron la primera dosis y cuentan con el turno para la segunda dosis y el mismo fue reprogramado\u201d, indic\u00f3 la defensora del pueblo.<\/p>\n","protected":false},"excerpt":{"rendered":"<p>08 de abril de 2021-Ante la preocupaci\u00f3n de vecinos y vecinas de Viedma por el sistema de aplicaci\u00f3n de las vacunas por Covid 19 la defensora del pueblo de R\u00edo Negro, Adriana Santagati, mantuvo una conversaci\u00f3n con el ministro de Salud, Fabi\u00e1n Zgaib. En la oportunidad, la defensora manifest\u00f3 su inquietud por la demora en [&hellip;]<\/p>\n","protected":false},"author":2,"featured_media":6005,"comment_status":"closed","ping_status":"open","sticky":false,"template":"","format":"standard","meta":{"_jetpack_memberships_contains_paid_content":false,"footnotes":""},"categories":[18,49],"tags":[],"class_list":["post-6006","post","type-post","status-publish","format-standard","has-post-thumbnail","hentry","category-gacetillas","category-noticias"],"jetpack_featured_media_url":"https:\/\/defensoriarionegro.gov.ar\/drn\/wp-content\/uploads\/2021\/04\/vacuna.jpg","jetpack_sharing_enabled":true,"_links":{"self":[{"href":"https:\/\/defensoriarionegro.gov.ar\/drn\/wp-json\/wp\/v2\/posts\/6006","targetHints":{"allow":["GET"]}}],"collection":[{"href":"https:\/\/defensoriarionegro.gov.ar\/drn\/wp-json\/wp\/v2\/posts"}],"about":[{"href":"https:\/\/defensoriarionegro.gov.ar\/drn\/wp-json\/wp\/v2\/types\/post"}],"author":[{"embeddable":true,"href":"https:\/\/defensoriarionegro.gov.ar\/drn\/wp-json\/wp\/v2\/users\/2"}],"replies":[{"embeddable":true,"href":"https:\/\/defensoriarionegro.gov.ar\/drn\/wp-json\/wp\/v2\/comments?post=6006"}],"version-history":[{"count":0,"href":"https:\/\/defensoriarionegro.gov.ar\/drn\/wp-json\/wp\/v2\/posts\/6006\/revisions"}],"wp:featuredmedia":[{"embeddable":true,"href":"https:\/\/defensoriarionegro.gov.ar\/drn\/wp-json\/wp\/v2\/media\/6005"}],"wp:attachment":[{"href":"https:\/\/defensoriarionegro.gov.ar\/drn\/wp-json\/wp\/v2\/media?parent=6006"}],"wp:term":[{"taxonomy":"category","embeddable":true,"href":"https:\/\/defensoriarionegro.gov.ar\/drn\/wp-json\/wp\/v2\/categories?post=6006"},{"taxonomy":"post_tag","embeddable":true,"href":"https:\/\/defensoriarionegro.gov.ar\/drn\/wp-json\/wp\/v2\/tags?post=6006"}],"curies":[{"name":"wp","href":"https:\/\/api.w.org\/{rel}","templated":true}]}}