{"id":6599,"date":"2021-08-27T09:48:58","date_gmt":"2021-08-27T12:48:58","guid":{"rendered":"https:\/\/defensoriarionegro.gov.ar\/drn\/?p=6599"},"modified":"2021-08-27T09:48:58","modified_gmt":"2021-08-27T12:48:58","slug":"mesa-de-articulacion-para-las-externaciones-de-usuarios-de-salud-mental-de-valle-sereno","status":"publish","type":"post","link":"https:\/\/defensoriarionegro.gov.ar\/drn\/mesa-de-articulacion-para-las-externaciones-de-usuarios-de-salud-mental-de-valle-sereno\/","title":{"rendered":"Mesa de articulaci\u00f3n para las externaciones de usuarios de salud mental de Valle Sereno"},"content":{"rendered":"<p>Se reuni\u00f3 la mesa de articulaci\u00f3n destinada a generar los dispositivos para lograr las externaciones de los usuarios de salud mental que se encuentran en la Instituci\u00f3n Valle Sereno de General Roca.<\/p>\n<p>Participaron de la reuni\u00f3n la defensora del pueblo, Adriana Santagati, el equipo del \u00d3rgano de Revisi\u00f3n de Salud Mental RN, el Defensor General Dr. Ariel Alice, la secretaria de Acompa\u00f1amiento y Protecci\u00f3n Social de Desarrollo Humano, M\u00f3nica Larra\u00f1aga, el jefe del Departamento de Salud Mental Comunitaria, Leonardo Paniagua, la directora Agencia para la Prevenci\u00f3n y Asistencia del Abuso de Sustancias y de las Adicciones (APASA) Mabel Dell Orfano, acompa\u00f1ada por Yamila Becker, secretaria administrativa, la secretaria ejecutiva Mariela Fern\u00e1ndez y el equipo t\u00e9cnico del ORSM. La pr\u00f3xima reuni\u00f3n se realizar\u00e1 dentro de 15 d\u00edas.<\/p>\n<p>La mesa fue conformada en una reuni\u00f3n previa convocada por la defensora del pueblo y de la que participaron el ministro de Salud Fabi\u00e1n Zgaib, el ministro de Desarrollo Humano y Articulaci\u00f3n Solidaria Juan Jos\u00e9 Deco , el Defensor General Ariel Alice y el titular del Ipross que estuvo representado por la dra. Silvia Laguardia. En esa oportunidad y a partir de un relevamiento realizado por el \u00d3rgano de Revisi\u00f3n, se decidi\u00f3 conformar un \u00e1mbito de trabajo para generar estrategias de manera intersectorial e interinstitucional que garanticen los derechos de las personas con padecimiento mental, dando as\u00ed cumplimiento a lo establecido en la Ley N\u00b02.440 y la Ley N\u00b026.657.<\/p>\n<p><img fetchpriority=\"high\" decoding=\"async\" class=\"alignnone size-large wp-image-6601\" src=\"https:\/\/defensoriarionegro.gov.ar\/drn\/wp-content\/uploads\/2021\/08\/Reunion_ministros_saludmental-1024x647.jpg\" alt=\"Reunion Defensoria y ministros por tema Salud mental en Rio Negro\" width=\"800\" height=\"505\" srcset=\"https:\/\/defensoriarionegro.gov.ar\/drn\/wp-content\/uploads\/2021\/08\/Reunion_ministros_saludmental-1024x647.jpg 1024w, https:\/\/defensoriarionegro.gov.ar\/drn\/wp-content\/uploads\/2021\/08\/Reunion_ministros_saludmental-300x190.jpg 300w, https:\/\/defensoriarionegro.gov.ar\/drn\/wp-content\/uploads\/2021\/08\/Reunion_ministros_saludmental-768x485.jpg 768w, https:\/\/defensoriarionegro.gov.ar\/drn\/wp-content\/uploads\/2021\/08\/Reunion_ministros_saludmental-1536x971.jpg 1536w, https:\/\/defensoriarionegro.gov.ar\/drn\/wp-content\/uploads\/2021\/08\/Reunion_ministros_saludmental.jpg 1766w\" sizes=\"(max-width: 800px) 100vw, 800px\" \/><\/p>\n<p>&nbsp;<\/p>\n<p>&nbsp;<\/p>\n","protected":false},"excerpt":{"rendered":"<p>Se reuni\u00f3 la mesa de articulaci\u00f3n destinada a generar los dispositivos para lograr las externaciones de los usuarios de salud mental que se encuentran en la Instituci\u00f3n Valle Sereno de General Roca. Participaron de la reuni\u00f3n la defensora del pueblo, Adriana Santagati, el equipo del \u00d3rgano de Revisi\u00f3n de Salud Mental RN, el Defensor General [&hellip;]<\/p>\n","protected":false},"author":2,"featured_media":6600,"comment_status":"closed","ping_status":"open","sticky":false,"template":"","format":"standard","meta":{"_jetpack_memberships_contains_paid_content":false,"footnotes":""},"categories":[49],"tags":[24,22],"class_list":["post-6599","post","type-post","status-publish","format-standard","has-post-thumbnail","hentry","category-noticias","tag-salud","tag-salud-mental"],"jetpack_featured_media_url":"https:\/\/defensoriarionegro.gov.ar\/drn\/wp-content\/uploads\/2021\/08\/Mesa_de_articulacion-externaciones-Valle_Sereno.jpg","jetpack_sharing_enabled":true,"_links":{"self":[{"href":"https:\/\/defensoriarionegro.gov.ar\/drn\/wp-json\/wp\/v2\/posts\/6599","targetHints":{"allow":["GET"]}}],"collection":[{"href":"https:\/\/defensoriarionegro.gov.ar\/drn\/wp-json\/wp\/v2\/posts"}],"about":[{"href":"https:\/\/defensoriarionegro.gov.ar\/drn\/wp-json\/wp\/v2\/types\/post"}],"author":[{"embeddable":true,"href":"https:\/\/defensoriarionegro.gov.ar\/drn\/wp-json\/wp\/v2\/users\/2"}],"replies":[{"embeddable":true,"href":"https:\/\/defensoriarionegro.gov.ar\/drn\/wp-json\/wp\/v2\/comments?post=6599"}],"version-history":[{"count":0,"href":"https:\/\/defensoriarionegro.gov.ar\/drn\/wp-json\/wp\/v2\/posts\/6599\/revisions"}],"wp:featuredmedia":[{"embeddable":true,"href":"https:\/\/defensoriarionegro.gov.ar\/drn\/wp-json\/wp\/v2\/media\/6600"}],"wp:attachment":[{"href":"https:\/\/defensoriarionegro.gov.ar\/drn\/wp-json\/wp\/v2\/media?parent=6599"}],"wp:term":[{"taxonomy":"category","embeddable":true,"href":"https:\/\/defensoriarionegro.gov.ar\/drn\/wp-json\/wp\/v2\/categories?post=6599"},{"taxonomy":"post_tag","embeddable":true,"href":"https:\/\/defensoriarionegro.gov.ar\/drn\/wp-json\/wp\/v2\/tags?post=6599"}],"curies":[{"name":"wp","href":"https:\/\/api.w.org\/{rel}","templated":true}]}}