{"id":6637,"date":"2021-09-03T09:17:19","date_gmt":"2021-09-03T12:17:19","guid":{"rendered":"https:\/\/defensoriarionegro.gov.ar\/drn\/?p=6637"},"modified":"2021-09-03T09:17:19","modified_gmt":"2021-09-03T12:17:19","slug":"adpra-frente-a-las-proximas-elecciones-legislativas-nacionales","status":"publish","type":"post","link":"https:\/\/defensoriarionegro.gov.ar\/drn\/adpra-frente-a-las-proximas-elecciones-legislativas-nacionales\/","title":{"rendered":"ADPRA frente a las pr\u00f3ximas elecciones legislativas nacionales"},"content":{"rendered":"<p>3 de septiembre de 2021- Desde la Asociaci\u00f3n de Defensor\u00edas del Pueblo de la Rep\u00fablica Argentina (ADPRA), consideramos necesario expresar nuestra posici\u00f3n respecto de los comicios que se llevar\u00e1n a cabo tanto el 12 de septiembre como el 14 de noviembre de este a\u00f1o, teniendo en cuenta el marco de la Pandemia que viene castigando al mundo hace m\u00e1s de un a\u00f1o.<\/p>\n<p>Argentina, como cada dos a\u00f1os, enfrentar\u00e1 un nuevo proceso electoral en el que, por primera vez en su historia, tendr\u00e1 que lidiar contra la existencia de un virus (la COVID-19) que ha causado y sigue causado un gran da\u00f1o en nuestras vidas.<\/p>\n<p>Sin embargo, ante la disminuci\u00f3n de casos y la apertura escalonada de distintas actividades tanto en el sector privado como en el p\u00fablico, <strong>con los debidos protocolos, creemos que es un buen momento para<\/strong> <strong>reafirmar el compromiso c\u00edvico<\/strong> que se ha ido construyendo desde la vuelta de la democracia hasta estos tiempos.<\/p>\n<p>Estamos convencidos de esto ya que <strong>la experiencia<\/strong> de otros pa\u00edses y del nuestro (desde las municipales de R\u00edo Cuarto del a\u00f1o pasado) <strong>ha demostrado que se pueden llevar a cabo elecciones libres, transparentes y seguras<\/strong> para todos\/as aquellos\/as que son parte de la jornada electoral (electores, autoridades de mesa, fiscales, personal de seguridad, autoridades judiciales, empleados\/as del correo, entre otros).<\/p>\n<p>La elaboraci\u00f3n de <strong>protocolos sanitarios<\/strong> por la C\u00e1mara Nacional Electoral y la Direcci\u00f3n Nacional Electoral y aprobados por el Ministerio de Salud de la Naci\u00f3n permiten observar los esfuerzos mancomunados del Estado para darle garant\u00edas y tranquilidad al pueblo ante tama\u00f1o desaf\u00edo que debemos enfrentar.<\/p>\n<p>Asimismo, nos parece atinado <strong>recomendarle a la poblaci\u00f3n que consulten el padr\u00f3n electoral porque han aumentado la cantidad de lugares de votaci\u00f3n<\/strong> y puede ser que hayan sido designados a otro lugar para votar y que <strong>presten vital atenci\u00f3n<\/strong> respecto del <strong>uso obligatorio y correcto (que cubra nariz, boca y barbilla) del barbijo o tapabocas<\/strong>, a mantener una <strong>distancia social de 2 metros<\/strong> en la fila, a <strong>los horarios especiales para ciudadanos de riesgo<\/strong>, al protocolo para el ingreso, momento del sufragio y la salida del establecimiento del establecimiento de votaci\u00f3n. Adem\u00e1s, para evitar p\u00e9rdidas innecesarias de tiempo, les solicitamos que lleven anotado el n\u00famero de mesa y el orden de lista del padr\u00f3n en donde les toque votar y recuerden llevar su propio bol\u00edgrafo para firmar la constancia de votaci\u00f3n.<\/p>\n<p><strong>Votar es un deber y pero sobre todo es un derecho, por eso les pedimos que este a\u00f1o volvamos a las urnas con la alegr\u00eda y seguridad de siempre ya que a la democracia, la construimos entre todos y todas.<\/strong><\/p>\n","protected":false},"excerpt":{"rendered":"<p>3 de septiembre de 2021- Desde la Asociaci\u00f3n de Defensor\u00edas del Pueblo de la Rep\u00fablica Argentina (ADPRA), consideramos necesario expresar nuestra posici\u00f3n respecto de los comicios que se llevar\u00e1n a cabo tanto el 12 de septiembre como el 14 de noviembre de este a\u00f1o, teniendo en cuenta el marco de la Pandemia que viene castigando [&hellip;]<\/p>\n","protected":false},"author":2,"featured_media":6642,"comment_status":"closed","ping_status":"open","sticky":false,"template":"","format":"standard","meta":{"_jetpack_memberships_contains_paid_content":false,"footnotes":""},"categories":[18,49],"tags":[93],"class_list":["post-6637","post","type-post","status-publish","format-standard","has-post-thumbnail","hentry","category-gacetillas","category-noticias","tag-elecciones"],"jetpack_featured_media_url":"https:\/\/defensoriarionegro.gov.ar\/drn\/wp-content\/uploads\/2021\/09\/elecciones-4.jpg","jetpack_sharing_enabled":true,"_links":{"self":[{"href":"https:\/\/defensoriarionegro.gov.ar\/drn\/wp-json\/wp\/v2\/posts\/6637","targetHints":{"allow":["GET"]}}],"collection":[{"href":"https:\/\/defensoriarionegro.gov.ar\/drn\/wp-json\/wp\/v2\/posts"}],"about":[{"href":"https:\/\/defensoriarionegro.gov.ar\/drn\/wp-json\/wp\/v2\/types\/post"}],"author":[{"embeddable":true,"href":"https:\/\/defensoriarionegro.gov.ar\/drn\/wp-json\/wp\/v2\/users\/2"}],"replies":[{"embeddable":true,"href":"https:\/\/defensoriarionegro.gov.ar\/drn\/wp-json\/wp\/v2\/comments?post=6637"}],"version-history":[{"count":0,"href":"https:\/\/defensoriarionegro.gov.ar\/drn\/wp-json\/wp\/v2\/posts\/6637\/revisions"}],"wp:featuredmedia":[{"embeddable":true,"href":"https:\/\/defensoriarionegro.gov.ar\/drn\/wp-json\/wp\/v2\/media\/6642"}],"wp:attachment":[{"href":"https:\/\/defensoriarionegro.gov.ar\/drn\/wp-json\/wp\/v2\/media?parent=6637"}],"wp:term":[{"taxonomy":"category","embeddable":true,"href":"https:\/\/defensoriarionegro.gov.ar\/drn\/wp-json\/wp\/v2\/categories?post=6637"},{"taxonomy":"post_tag","embeddable":true,"href":"https:\/\/defensoriarionegro.gov.ar\/drn\/wp-json\/wp\/v2\/tags?post=6637"}],"curies":[{"name":"wp","href":"https:\/\/api.w.org\/{rel}","templated":true}]}}