{"id":6715,"date":"2021-09-23T09:32:05","date_gmt":"2021-09-23T12:32:05","guid":{"rendered":"https:\/\/defensoriarionegro.gov.ar\/drn\/?p=6715"},"modified":"2021-09-23T09:32:05","modified_gmt":"2021-09-23T12:32:05","slug":"trabajo-intersectorial-para-garantizar-los-derechos-humanos-en-salud-mental","status":"publish","type":"post","link":"https:\/\/defensoriarionegro.gov.ar\/drn\/trabajo-intersectorial-para-garantizar-los-derechos-humanos-en-salud-mental\/","title":{"rendered":"Trabajo Intersectorial para garantizar los derechos humanos en Salud Mental"},"content":{"rendered":"<p>20 de septiembre de 2021- Coordinada por la defensora del pueblo, Adriana Santagati y el defensor general, Ariel Alice, se realiz\u00f3 una nueva reuni\u00f3n con representantes de diferentes organismos del Estado provincial, para trabajar por los derechos de las personas que actualmente se encuentran en Valle Sereno.<\/p>\n<p>La modalidad de abordaje en cada reuni\u00f3n, es poner en el centro a la persona y su situaci\u00f3n particular con el objetivo de diagramar un dispositivo personalizado que permita garantizar los derechos consignados en el marco normativo de las leyes nacional N\u00ba 26.657 y provincial N\u00ba 3.440 de Salud Mental.<\/p>\n<p>La normativa establece que el trabajo por el derecho a la salud debe ser realizado desde un abordaje intersectorial articulado con el sanitario. Esto significa que las autoridades de los diferentes estamentos del Estado deben trabajar para implementar acciones articuladas de inclusi\u00f3n social, laboral y de atenci\u00f3n en salud mental comunitaria.<\/p>\n<p>En este sentido, la Defensor\u00eda del Pueblo y la Defensor\u00eda General del Ministerio P\u00fablico, partiendo de acuerdos ideol\u00f3gicos b\u00e1sicos y a trav\u00e9s de estas mesas de articulaci\u00f3n, brindan el contexto institucional favorable para generar las estrategias adecuadas en cada situaci\u00f3n en particular.<\/p>\n<p>Participaron de la reuni\u00f3n la secretaria del Ministerio de Desarrollo Humano y Articulaci\u00f3n Solidaria, M\u00f3nica Larra\u00f1aga, la secretaria del ORSM de la DPRN, Mariela Fern\u00e1ndez junto al equipo t\u00e9cnico, la directora de salud Mental y Adicciones, Elizabeth Bugliolo, la defensora oficial Bel\u00e9n Delucci, la secretaria t\u00e9cnica de Ipross, Silvia Ocampo, junto a Silvia Laguardia, Mabel Dell Orfano de la Agencia de Adicciones APASA y representantes de Incluir Salud.<\/p>\n","protected":false},"excerpt":{"rendered":"<p>20 de septiembre de 2021- Coordinada por la defensora del pueblo, Adriana Santagati y el defensor general, Ariel Alice, se realiz\u00f3 una nueva reuni\u00f3n con representantes de diferentes organismos del Estado provincial, para trabajar por los derechos de las personas que actualmente se encuentran en Valle Sereno. La modalidad de abordaje en cada reuni\u00f3n, es [&hellip;]<\/p>\n","protected":false},"author":2,"featured_media":6714,"comment_status":"closed","ping_status":"open","sticky":false,"template":"","format":"standard","meta":{"_jetpack_memberships_contains_paid_content":false,"footnotes":""},"categories":[18,49],"tags":[22],"class_list":["post-6715","post","type-post","status-publish","format-standard","has-post-thumbnail","hentry","category-gacetillas","category-noticias","tag-salud-mental"],"jetpack_featured_media_url":"https:\/\/defensoriarionegro.gov.ar\/drn\/wp-content\/uploads\/2021\/09\/ORSM.jpg","jetpack_sharing_enabled":true,"_links":{"self":[{"href":"https:\/\/defensoriarionegro.gov.ar\/drn\/wp-json\/wp\/v2\/posts\/6715","targetHints":{"allow":["GET"]}}],"collection":[{"href":"https:\/\/defensoriarionegro.gov.ar\/drn\/wp-json\/wp\/v2\/posts"}],"about":[{"href":"https:\/\/defensoriarionegro.gov.ar\/drn\/wp-json\/wp\/v2\/types\/post"}],"author":[{"embeddable":true,"href":"https:\/\/defensoriarionegro.gov.ar\/drn\/wp-json\/wp\/v2\/users\/2"}],"replies":[{"embeddable":true,"href":"https:\/\/defensoriarionegro.gov.ar\/drn\/wp-json\/wp\/v2\/comments?post=6715"}],"version-history":[{"count":0,"href":"https:\/\/defensoriarionegro.gov.ar\/drn\/wp-json\/wp\/v2\/posts\/6715\/revisions"}],"wp:featuredmedia":[{"embeddable":true,"href":"https:\/\/defensoriarionegro.gov.ar\/drn\/wp-json\/wp\/v2\/media\/6714"}],"wp:attachment":[{"href":"https:\/\/defensoriarionegro.gov.ar\/drn\/wp-json\/wp\/v2\/media?parent=6715"}],"wp:term":[{"taxonomy":"category","embeddable":true,"href":"https:\/\/defensoriarionegro.gov.ar\/drn\/wp-json\/wp\/v2\/categories?post=6715"},{"taxonomy":"post_tag","embeddable":true,"href":"https:\/\/defensoriarionegro.gov.ar\/drn\/wp-json\/wp\/v2\/tags?post=6715"}],"curies":[{"name":"wp","href":"https:\/\/api.w.org\/{rel}","templated":true}]}}