{"id":6856,"date":"2021-10-22T10:58:35","date_gmt":"2021-10-22T13:58:35","guid":{"rendered":"https:\/\/defensoriarionegro.gov.ar\/drn\/?p=6856"},"modified":"2021-10-22T10:58:35","modified_gmt":"2021-10-22T13:58:35","slug":"amplia-representacion-de-la-region-patagonica-en-la-comision-directiva-de-adpra","status":"publish","type":"post","link":"https:\/\/defensoriarionegro.gov.ar\/drn\/amplia-representacion-de-la-region-patagonica-en-la-comision-directiva-de-adpra\/","title":{"rendered":"Amplia representaci\u00f3n de la regi\u00f3n Patag\u00f3nica en la Comisi\u00f3n Directiva de ADPRA"},"content":{"rendered":"<p>22 de octubre de 2021- La Defensor\u00eda del Pueblo de R\u00edo Negro qued\u00f3 al frente del Instituto de Capacitaci\u00f3n dentro de la asociaci\u00f3n que nuclea a todas las Defensor\u00edas del pa\u00eds (ADPRA).<\/p>\n<p>La Asociaci\u00f3n de Defensores y Defensoras del Pueblo de la Rep\u00fablica Argentina (ADPRA) celebr\u00f3 una nueva reuni\u00f3n de Comisi\u00f3n Directiva en la Ciudad Aut\u00f3noma de Buenos Aires, oportunidad en que las Defensor\u00edas del Pueblo de la regi\u00f3n patag\u00f3nica obtuvieron representaci\u00f3n en los siguientes lugares:<\/p>\n<p>Vicepresidencia\u00a0 3\u00ba: DP Neuqu\u00e9n<\/p>\n<p>Instituto de Capacitaci\u00f3n: DPRN<\/p>\n<p>Consejer\u00edas 3: DP S.C. Bariloche, DP San Mart\u00edn de los Andes, DP Chubut<\/p>\n<p>Revisora de cuentas: DP Viedma<\/p>\n<p><img fetchpriority=\"high\" decoding=\"async\" class=\"alignnone size-medium wp-image-6854\" src=\"https:\/\/defensoriarionegro.gov.ar\/drn\/wp-content\/uploads\/2021\/10\/adpra-2-225x300.jpeg\" alt=\"\" width=\"225\" height=\"300\" srcset=\"https:\/\/defensoriarionegro.gov.ar\/drn\/wp-content\/uploads\/2021\/10\/adpra-2-225x300.jpeg 225w, https:\/\/defensoriarionegro.gov.ar\/drn\/wp-content\/uploads\/2021\/10\/adpra-2-768x1024.jpeg 768w, https:\/\/defensoriarionegro.gov.ar\/drn\/wp-content\/uploads\/2021\/10\/adpra-2-1152x1536.jpeg 1152w, https:\/\/defensoriarionegro.gov.ar\/drn\/wp-content\/uploads\/2021\/10\/adpra-2.jpeg 1200w\" sizes=\"(max-width: 225px) 100vw, 225px\" \/> <img decoding=\"async\" class=\"alignnone size-medium wp-image-6855\" src=\"https:\/\/defensoriarionegro.gov.ar\/drn\/wp-content\/uploads\/2021\/10\/adpra-3-300x225.jpeg\" alt=\"\" width=\"300\" height=\"225\" srcset=\"https:\/\/defensoriarionegro.gov.ar\/drn\/wp-content\/uploads\/2021\/10\/adpra-3-300x225.jpeg 300w, https:\/\/defensoriarionegro.gov.ar\/drn\/wp-content\/uploads\/2021\/10\/adpra-3-768x576.jpeg 768w, https:\/\/defensoriarionegro.gov.ar\/drn\/wp-content\/uploads\/2021\/10\/adpra-3.jpeg 1024w\" sizes=\"(max-width: 300px) 100vw, 300px\" \/><\/p>\n<p><img decoding=\"async\" class=\"alignnone size-medium wp-image-6860\" src=\"https:\/\/defensoriarionegro.gov.ar\/drn\/wp-content\/uploads\/2021\/10\/adpra-7-169x300.jpeg\" alt=\"\" width=\"169\" height=\"300\" srcset=\"https:\/\/defensoriarionegro.gov.ar\/drn\/wp-content\/uploads\/2021\/10\/adpra-7-169x300.jpeg 169w, https:\/\/defensoriarionegro.gov.ar\/drn\/wp-content\/uploads\/2021\/10\/adpra-7-576x1024.jpeg 576w, https:\/\/defensoriarionegro.gov.ar\/drn\/wp-content\/uploads\/2021\/10\/adpra-7-768x1366.jpeg 768w, https:\/\/defensoriarionegro.gov.ar\/drn\/wp-content\/uploads\/2021\/10\/adpra-7-864x1536.jpeg 864w, https:\/\/defensoriarionegro.gov.ar\/drn\/wp-content\/uploads\/2021\/10\/adpra-7.jpeg 899w\" sizes=\"(max-width: 169px) 100vw, 169px\" \/><img loading=\"lazy\" decoding=\"async\" class=\"alignnone size-medium wp-image-6861\" src=\"https:\/\/defensoriarionegro.gov.ar\/drn\/wp-content\/uploads\/2021\/10\/adpra-46-300x146.jpeg\" alt=\"\" width=\"300\" height=\"146\" srcset=\"https:\/\/defensoriarionegro.gov.ar\/drn\/wp-content\/uploads\/2021\/10\/adpra-46-300x146.jpeg 300w, https:\/\/defensoriarionegro.gov.ar\/drn\/wp-content\/uploads\/2021\/10\/adpra-46-1024x497.jpeg 1024w, https:\/\/defensoriarionegro.gov.ar\/drn\/wp-content\/uploads\/2021\/10\/adpra-46-768x373.jpeg 768w, https:\/\/defensoriarionegro.gov.ar\/drn\/wp-content\/uploads\/2021\/10\/adpra-46-1536x746.jpeg 1536w, https:\/\/defensoriarionegro.gov.ar\/drn\/wp-content\/uploads\/2021\/10\/adpra-46.jpeg 1600w\" sizes=\"(max-width: 300px) 100vw, 300px\" \/><\/p>\n","protected":false},"excerpt":{"rendered":"<p>22 de octubre de 2021- La Defensor\u00eda del Pueblo de R\u00edo Negro qued\u00f3 al frente del Instituto de Capacitaci\u00f3n dentro de la asociaci\u00f3n que nuclea a todas las Defensor\u00edas del pa\u00eds (ADPRA). La Asociaci\u00f3n de Defensores y Defensoras del Pueblo de la Rep\u00fablica Argentina (ADPRA) celebr\u00f3 una nueva reuni\u00f3n de Comisi\u00f3n Directiva en la Ciudad [&hellip;]<\/p>\n","protected":false},"author":2,"featured_media":6868,"comment_status":"closed","ping_status":"open","sticky":false,"template":"","format":"standard","meta":{"_jetpack_memberships_contains_paid_content":false,"footnotes":""},"categories":[18,49],"tags":[81],"class_list":["post-6856","post","type-post","status-publish","format-standard","has-post-thumbnail","hentry","category-gacetillas","category-noticias","tag-adpra"],"jetpack_featured_media_url":"https:\/\/defensoriarionegro.gov.ar\/drn\/wp-content\/uploads\/2021\/10\/firma-santagati-ADPRA.png","jetpack_sharing_enabled":true,"_links":{"self":[{"href":"https:\/\/defensoriarionegro.gov.ar\/drn\/wp-json\/wp\/v2\/posts\/6856","targetHints":{"allow":["GET"]}}],"collection":[{"href":"https:\/\/defensoriarionegro.gov.ar\/drn\/wp-json\/wp\/v2\/posts"}],"about":[{"href":"https:\/\/defensoriarionegro.gov.ar\/drn\/wp-json\/wp\/v2\/types\/post"}],"author":[{"embeddable":true,"href":"https:\/\/defensoriarionegro.gov.ar\/drn\/wp-json\/wp\/v2\/users\/2"}],"replies":[{"embeddable":true,"href":"https:\/\/defensoriarionegro.gov.ar\/drn\/wp-json\/wp\/v2\/comments?post=6856"}],"version-history":[{"count":0,"href":"https:\/\/defensoriarionegro.gov.ar\/drn\/wp-json\/wp\/v2\/posts\/6856\/revisions"}],"wp:featuredmedia":[{"embeddable":true,"href":"https:\/\/defensoriarionegro.gov.ar\/drn\/wp-json\/wp\/v2\/media\/6868"}],"wp:attachment":[{"href":"https:\/\/defensoriarionegro.gov.ar\/drn\/wp-json\/wp\/v2\/media?parent=6856"}],"wp:term":[{"taxonomy":"category","embeddable":true,"href":"https:\/\/defensoriarionegro.gov.ar\/drn\/wp-json\/wp\/v2\/categories?post=6856"},{"taxonomy":"post_tag","embeddable":true,"href":"https:\/\/defensoriarionegro.gov.ar\/drn\/wp-json\/wp\/v2\/tags?post=6856"}],"curies":[{"name":"wp","href":"https:\/\/api.w.org\/{rel}","templated":true}]}}