{"id":7036,"date":"2021-12-25T12:27:21","date_gmt":"2021-12-25T15:27:21","guid":{"rendered":"https:\/\/defensoriarionegro.gov.ar\/drn\/?p=7036"},"modified":"2025-08-29T12:06:32","modified_gmt":"2025-08-29T15:06:32","slug":"no-a-la-violencia-de-genero","status":"publish","type":"post","link":"https:\/\/defensoriarionegro.gov.ar\/drn\/no-a-la-violencia-de-genero\/","title":{"rendered":"NO A LA VIOLENCIA DE G\u00c9NERO"},"content":{"rendered":"<p>25 de diciembre 2021-\u00a0 \u00a0Si conoc\u00e9s alguna situaci\u00f3n de violencia de g\u00e9nero o sos vos la que la sufr\u00eds llam\u00e1 al 144.<\/p>\n<p>Si es una emergencia llam\u00e1 al 911.<\/p>\n<p>En la Provincia de R\u00edo Negro funciona el SAT (Sistema de Atenci\u00f3n Territorial) que act\u00faa a trav\u00e9s de guardias de emergencia que trabajan en red con todas las instituciones relacionadas en la problem\u00e1tica de g\u00e9nero: juzgados de paz, de familia, fiscal\u00edas, comisar\u00edas.<br \/>\n<strong>Tel\u00e9fonos del SAT por localidad las 24 horas<\/strong><br \/>\n\u2013 Viedma: 2920 483700<br \/>\n\u2013 San Antonio: 2920 242248<br \/>\n\u2013 Sierra Grande: 2920 256572<br \/>\n\u2013 Cipolletti: 2920 483954<br \/>\n\u2013 Villa Regina: 298 4245432<br \/>\n\u2013 General Roca: 298 4222075<br \/>\n\u2013 Bariloche y Dina Huapi: 294 4706346<br \/>\n\u2013 El Bols\u00f3n: 294 5911682<\/p>\n<p>En la l\u00ednea 144 se brinda atenci\u00f3n, contenci\u00f3n y asesoramiento en situaciones de violencia por razones de g\u00e9nero. Es importante que sepas que no se trata de una l\u00ednea de emergencia. Para casos de riesgo, comunic\u00e1te con el 911.<\/p>\n<p>El equipo de trabajo que atiende en la linea 144 es interdisciplinario y est\u00e1 compuesto por profesionales del Derecho, la Psicolog\u00eda, el Trabajo Social y otras \u00e1reas afines, capacitados y\/o especializados en perspectiva de g\u00e9nero.<br \/>\nLa atenci\u00f3n contempla todos los tipos y modalidades de violencia descritos en la Ley N\u00b0 26.485: f\u00edsica, psicol\u00f3gica, sexual, econ\u00f3mica y patrimonial, simb\u00f3lica, pol\u00edtica, dom\u00e9stica, institucional, laboral, contra la libertad reproductiva, obst\u00e9trica, medi\u00e1tica y en el espacio p\u00fablico.<\/p>\n<p>M\u00e1s info en <a href=\"https:\/\/defensoriarionegro.gov.ar\/drn\/areas-tematicas\/cuestiones-de-genero\/\" target=\"_blank\" rel=\"noopener\">https:\/\/defensoriarionegro.gov.ar\/drn\/areas-tematicas\/cuestiones-de-genero\/\u00a0<\/a><\/p>\n<p>&nbsp;<\/p>\n","protected":false},"excerpt":{"rendered":"<p>25 de diciembre 2021-\u00a0 \u00a0Si conoc\u00e9s alguna situaci\u00f3n de violencia de g\u00e9nero o sos vos la que la sufr\u00eds llam\u00e1 al 144. Si es una emergencia llam\u00e1 al 911. En la Provincia de R\u00edo Negro funciona el SAT (Sistema de Atenci\u00f3n Territorial) que act\u00faa a trav\u00e9s de guardias de emergencia que trabajan en red con [&hellip;]<\/p>\n","protected":false},"author":2,"featured_media":7037,"comment_status":"closed","ping_status":"open","sticky":false,"template":"","format":"standard","meta":{"_jetpack_memberships_contains_paid_content":false,"footnotes":""},"categories":[49],"tags":[26],"class_list":["post-7036","post","type-post","status-publish","format-standard","has-post-thumbnail","hentry","category-noticias","tag-genero"],"jetpack_featured_media_url":"https:\/\/defensoriarionegro.gov.ar\/drn\/wp-content\/uploads\/2022\/01\/SENAL-DE-SOCORRO-VIOLENCIA.png","jetpack_sharing_enabled":true,"_links":{"self":[{"href":"https:\/\/defensoriarionegro.gov.ar\/drn\/wp-json\/wp\/v2\/posts\/7036","targetHints":{"allow":["GET"]}}],"collection":[{"href":"https:\/\/defensoriarionegro.gov.ar\/drn\/wp-json\/wp\/v2\/posts"}],"about":[{"href":"https:\/\/defensoriarionegro.gov.ar\/drn\/wp-json\/wp\/v2\/types\/post"}],"author":[{"embeddable":true,"href":"https:\/\/defensoriarionegro.gov.ar\/drn\/wp-json\/wp\/v2\/users\/2"}],"replies":[{"embeddable":true,"href":"https:\/\/defensoriarionegro.gov.ar\/drn\/wp-json\/wp\/v2\/comments?post=7036"}],"version-history":[{"count":1,"href":"https:\/\/defensoriarionegro.gov.ar\/drn\/wp-json\/wp\/v2\/posts\/7036\/revisions"}],"predecessor-version":[{"id":12290,"href":"https:\/\/defensoriarionegro.gov.ar\/drn\/wp-json\/wp\/v2\/posts\/7036\/revisions\/12290"}],"wp:featuredmedia":[{"embeddable":true,"href":"https:\/\/defensoriarionegro.gov.ar\/drn\/wp-json\/wp\/v2\/media\/7037"}],"wp:attachment":[{"href":"https:\/\/defensoriarionegro.gov.ar\/drn\/wp-json\/wp\/v2\/media?parent=7036"}],"wp:term":[{"taxonomy":"category","embeddable":true,"href":"https:\/\/defensoriarionegro.gov.ar\/drn\/wp-json\/wp\/v2\/categories?post=7036"},{"taxonomy":"post_tag","embeddable":true,"href":"https:\/\/defensoriarionegro.gov.ar\/drn\/wp-json\/wp\/v2\/tags?post=7036"}],"curies":[{"name":"wp","href":"https:\/\/api.w.org\/{rel}","templated":true}]}}