{"id":7110,"date":"2022-02-14T10:14:49","date_gmt":"2022-02-14T13:14:49","guid":{"rendered":"https:\/\/defensoriarionegro.gov.ar\/drn\/?p=7110"},"modified":"2022-02-14T10:14:49","modified_gmt":"2022-02-14T13:14:49","slug":"la-defensoria-del-pueblo-recorre-escuelas-de-la-provincia","status":"publish","type":"post","link":"https:\/\/defensoriarionegro.gov.ar\/drn\/la-defensoria-del-pueblo-recorre-escuelas-de-la-provincia\/","title":{"rendered":"La Defensor\u00eda del Pueblo recorre escuelas de la provincia."},"content":{"rendered":"<p>Personal de la Defensor\u00eda se encuentra realizando un relevamiento sobre las condiciones edilicias de las instituciones escolares en distintas localidades de la provincia, en vistas al inicio escolar. En este marco, se observar\u00e1n las condiciones de mantenimiento y limpieza, desmalezamiento, el funcionamiento de ba\u00f1os, la provisi\u00f3n de insumos de limpieza y sanitizantes, la conectividad y accesibilidad, entre otros aspectos.<\/p>\n<div dir=\"ltr\">Las observaciones ser\u00e1n parte de un informe que ser\u00e1 presentado ante las autoridades del \u00e1rea de Infraestructura del Ministerio de Educaci\u00f3n.<\/div>\n<div dir=\"ltr\"><\/div>\n<p>Este actividad, que todos los a\u00f1os\u00a0 realiza la Defensor\u00eda del Pueblo, tiene el objetivo de monitorear el estado de los edificios escolares, realizar aportes y recomendaciones a la cartera de Educaci\u00f3n, para garantizar el normal inicio de las clases.<\/p>\n","protected":false},"excerpt":{"rendered":"<p>Personal de la Defensor\u00eda se encuentra realizando un relevamiento sobre las condiciones edilicias de las instituciones escolares en distintas localidades de la provincia, en vistas al inicio escolar. En este marco, se observar\u00e1n las condiciones de mantenimiento y limpieza, desmalezamiento, el funcionamiento de ba\u00f1os, la provisi\u00f3n de insumos de limpieza y sanitizantes, la conectividad y [&hellip;]<\/p>\n","protected":false},"author":2,"featured_media":7112,"comment_status":"closed","ping_status":"open","sticky":false,"template":"","format":"standard","meta":{"_jetpack_memberships_contains_paid_content":false,"footnotes":""},"categories":[49],"tags":[29],"class_list":["post-7110","post","type-post","status-publish","format-standard","has-post-thumbnail","hentry","category-noticias","tag-educacion"],"jetpack_featured_media_url":"https:\/\/defensoriarionegro.gov.ar\/drn\/wp-content\/uploads\/2022\/02\/dpen-recorre.jpg","jetpack_sharing_enabled":true,"_links":{"self":[{"href":"https:\/\/defensoriarionegro.gov.ar\/drn\/wp-json\/wp\/v2\/posts\/7110","targetHints":{"allow":["GET"]}}],"collection":[{"href":"https:\/\/defensoriarionegro.gov.ar\/drn\/wp-json\/wp\/v2\/posts"}],"about":[{"href":"https:\/\/defensoriarionegro.gov.ar\/drn\/wp-json\/wp\/v2\/types\/post"}],"author":[{"embeddable":true,"href":"https:\/\/defensoriarionegro.gov.ar\/drn\/wp-json\/wp\/v2\/users\/2"}],"replies":[{"embeddable":true,"href":"https:\/\/defensoriarionegro.gov.ar\/drn\/wp-json\/wp\/v2\/comments?post=7110"}],"version-history":[{"count":0,"href":"https:\/\/defensoriarionegro.gov.ar\/drn\/wp-json\/wp\/v2\/posts\/7110\/revisions"}],"wp:featuredmedia":[{"embeddable":true,"href":"https:\/\/defensoriarionegro.gov.ar\/drn\/wp-json\/wp\/v2\/media\/7112"}],"wp:attachment":[{"href":"https:\/\/defensoriarionegro.gov.ar\/drn\/wp-json\/wp\/v2\/media?parent=7110"}],"wp:term":[{"taxonomy":"category","embeddable":true,"href":"https:\/\/defensoriarionegro.gov.ar\/drn\/wp-json\/wp\/v2\/categories?post=7110"},{"taxonomy":"post_tag","embeddable":true,"href":"https:\/\/defensoriarionegro.gov.ar\/drn\/wp-json\/wp\/v2\/tags?post=7110"}],"curies":[{"name":"wp","href":"https:\/\/api.w.org\/{rel}","templated":true}]}}