{"id":7166,"date":"2022-02-25T13:30:19","date_gmt":"2022-02-25T16:30:19","guid":{"rendered":"https:\/\/defensoriarionegro.gov.ar\/drn\/?p=7166"},"modified":"2022-02-25T13:30:19","modified_gmt":"2022-02-25T16:30:19","slug":"firma-de-convenio-entre-la-defensoria-del-pueblo-y-la-universidad-nocional-de-rio-negro","status":"publish","type":"post","link":"https:\/\/defensoriarionegro.gov.ar\/drn\/firma-de-convenio-entre-la-defensoria-del-pueblo-y-la-universidad-nocional-de-rio-negro\/","title":{"rendered":"Firma de convenio entre la Defensor\u00eda del Pueblo y la Universidad Nacional de R\u00edo Negro"},"content":{"rendered":"<p>25 de febrero de 2022- Mediante un convenio marco de colaboraci\u00f3n firmado por la defensora del pueblo, Adriana Santagati y el rector de la universidad, Anselmo Torres, las instituciones se comprometieron a realizar acciones conjuntas para garantizar a la ciudadan\u00eda el derecho a un ambiente sano.<\/p>\n<p>Mir\u00e1 el documento completo en<\/p>\n<p><a href=\"https:\/\/defensoriarionegro.gov.ar\/drn\/wp-content\/uploads\/2019\/05\/Convenio-DPRN-DPCABA-marzo-2019.pdf\" target=\"_blank\" rel=\"noopener\"><img decoding=\"async\" class=\"alignnone wp-image-2581\" src=\"https:\/\/defensoriarionegro.gov.ar\/drn\/wp-content\/uploads\/2018\/08\/pdf-icono.png\" alt=\"\" width=\"29\" height=\"29\" \/><\/a><a href=\"https:\/\/defensoriarionegro.gov.ar\/drn\/wp-content\/uploads\/2022\/02\/Convenio-DEFENSORIA-DEL-PUEBLO-UNRN.pdf\">Convenio DEFENSOR\u00cdA DEL PUEBLO-UNRN<\/a><\/p>\n","protected":false},"excerpt":{"rendered":"<p>25 de febrero de 2022- Mediante un convenio marco de colaboraci\u00f3n firmado por la defensora del pueblo, Adriana Santagati y el rector de la universidad, Anselmo Torres, las instituciones se comprometieron a realizar acciones conjuntas para garantizar a la ciudadan\u00eda el derecho a un ambiente sano. Mir\u00e1 el documento completo en Convenio DEFENSOR\u00cdA DEL PUEBLO-UNRN<\/p>\n","protected":false},"author":2,"featured_media":7165,"comment_status":"closed","ping_status":"open","sticky":false,"template":"","format":"standard","meta":{"_jetpack_memberships_contains_paid_content":false,"footnotes":""},"categories":[18,49],"tags":[],"class_list":["post-7166","post","type-post","status-publish","format-standard","has-post-thumbnail","hentry","category-gacetillas","category-noticias"],"jetpack_featured_media_url":"https:\/\/defensoriarionegro.gov.ar\/drn\/wp-content\/uploads\/2022\/02\/UNRN-scaled-1.jpg","jetpack_sharing_enabled":true,"_links":{"self":[{"href":"https:\/\/defensoriarionegro.gov.ar\/drn\/wp-json\/wp\/v2\/posts\/7166","targetHints":{"allow":["GET"]}}],"collection":[{"href":"https:\/\/defensoriarionegro.gov.ar\/drn\/wp-json\/wp\/v2\/posts"}],"about":[{"href":"https:\/\/defensoriarionegro.gov.ar\/drn\/wp-json\/wp\/v2\/types\/post"}],"author":[{"embeddable":true,"href":"https:\/\/defensoriarionegro.gov.ar\/drn\/wp-json\/wp\/v2\/users\/2"}],"replies":[{"embeddable":true,"href":"https:\/\/defensoriarionegro.gov.ar\/drn\/wp-json\/wp\/v2\/comments?post=7166"}],"version-history":[{"count":0,"href":"https:\/\/defensoriarionegro.gov.ar\/drn\/wp-json\/wp\/v2\/posts\/7166\/revisions"}],"wp:featuredmedia":[{"embeddable":true,"href":"https:\/\/defensoriarionegro.gov.ar\/drn\/wp-json\/wp\/v2\/media\/7165"}],"wp:attachment":[{"href":"https:\/\/defensoriarionegro.gov.ar\/drn\/wp-json\/wp\/v2\/media?parent=7166"}],"wp:term":[{"taxonomy":"category","embeddable":true,"href":"https:\/\/defensoriarionegro.gov.ar\/drn\/wp-json\/wp\/v2\/categories?post=7166"},{"taxonomy":"post_tag","embeddable":true,"href":"https:\/\/defensoriarionegro.gov.ar\/drn\/wp-json\/wp\/v2\/tags?post=7166"}],"curies":[{"name":"wp","href":"https:\/\/api.w.org\/{rel}","templated":true}]}}