{"id":7179,"date":"2022-03-08T07:36:19","date_gmt":"2022-03-08T10:36:19","guid":{"rendered":"https:\/\/defensoriarionegro.gov.ar\/drn\/?p=7179"},"modified":"2022-03-08T07:36:19","modified_gmt":"2022-03-08T10:36:19","slug":"8m-igualdad-de-genero-y-empoderamiento-de-todas-las-mujeres-y-las-ninas-son-nuestros-retos-persistentes","status":"publish","type":"post","link":"https:\/\/defensoriarionegro.gov.ar\/drn\/8m-igualdad-de-genero-y-empoderamiento-de-todas-las-mujeres-y-las-ninas-son-nuestros-retos-persistentes\/","title":{"rendered":"8M: Igualdad de g\u00e9nero y empoderamiento de todas las mujeres y las ni\u00f1as, son nuestros retos persistentes"},"content":{"rendered":"<p>08 de marzo de 2022- La conmemoraci\u00f3n de este d\u00eda busca recordar y potenciar la lucha de las mujeres por sus derechos, poniendo en la agenda p\u00fablica las desigualdades a las que se enfrentan cotidianamente en los espacios p\u00fablicos y privados en relaci\u00f3n con los varones. Es una jornada de lucha, reflexi\u00f3n, compromiso y acci\u00f3n.<\/p>\n<p>La igualdad sigue siendo un horizonte que hay que continuar construyendo por lo cual La Defensor\u00eda del Pueblo de R\u00edo Negro, a trav\u00e9s de su trabajo cotidiano,\u00a0 renueva su compromiso para el cambio social y la construcci\u00f3n de comunidades m\u00e1s justas y pluralistas.<\/p>\n<div>M\u00e1s info sobre g\u00e9nero en nuestra p\u00e1gina<\/div>\n<div><a href=\"https:\/\/defensoriarionegro.gov.ar\/drn\/wp-admin\/post.php?post=3027&amp;action=edit\">https:\/\/defensoriarionegro.gov.ar\/drn\/wp-admin\/post.php?post=3027&amp;action=edit<\/a><\/div>\n","protected":false},"excerpt":{"rendered":"<p>08 de marzo de 2022- La conmemoraci\u00f3n de este d\u00eda busca recordar y potenciar la lucha de las mujeres por sus derechos, poniendo en la agenda p\u00fablica las desigualdades a las que se enfrentan cotidianamente en los espacios p\u00fablicos y privados en relaci\u00f3n con los varones. Es una jornada de lucha, reflexi\u00f3n, compromiso y acci\u00f3n. [&hellip;]<\/p>\n","protected":false},"author":2,"featured_media":7182,"comment_status":"closed","ping_status":"open","sticky":false,"template":"","format":"standard","meta":{"_jetpack_memberships_contains_paid_content":false,"footnotes":""},"categories":[18,49],"tags":[],"class_list":["post-7179","post","type-post","status-publish","format-standard","has-post-thumbnail","hentry","category-gacetillas","category-noticias"],"jetpack_featured_media_url":"https:\/\/defensoriarionegro.gov.ar\/drn\/wp-content\/uploads\/2022\/03\/8m-dia_internacional_de_la_mujer.png","jetpack_sharing_enabled":true,"_links":{"self":[{"href":"https:\/\/defensoriarionegro.gov.ar\/drn\/wp-json\/wp\/v2\/posts\/7179","targetHints":{"allow":["GET"]}}],"collection":[{"href":"https:\/\/defensoriarionegro.gov.ar\/drn\/wp-json\/wp\/v2\/posts"}],"about":[{"href":"https:\/\/defensoriarionegro.gov.ar\/drn\/wp-json\/wp\/v2\/types\/post"}],"author":[{"embeddable":true,"href":"https:\/\/defensoriarionegro.gov.ar\/drn\/wp-json\/wp\/v2\/users\/2"}],"replies":[{"embeddable":true,"href":"https:\/\/defensoriarionegro.gov.ar\/drn\/wp-json\/wp\/v2\/comments?post=7179"}],"version-history":[{"count":0,"href":"https:\/\/defensoriarionegro.gov.ar\/drn\/wp-json\/wp\/v2\/posts\/7179\/revisions"}],"wp:featuredmedia":[{"embeddable":true,"href":"https:\/\/defensoriarionegro.gov.ar\/drn\/wp-json\/wp\/v2\/media\/7182"}],"wp:attachment":[{"href":"https:\/\/defensoriarionegro.gov.ar\/drn\/wp-json\/wp\/v2\/media?parent=7179"}],"wp:term":[{"taxonomy":"category","embeddable":true,"href":"https:\/\/defensoriarionegro.gov.ar\/drn\/wp-json\/wp\/v2\/categories?post=7179"},{"taxonomy":"post_tag","embeddable":true,"href":"https:\/\/defensoriarionegro.gov.ar\/drn\/wp-json\/wp\/v2\/tags?post=7179"}],"curies":[{"name":"wp","href":"https:\/\/api.w.org\/{rel}","templated":true}]}}