{"id":7447,"date":"2022-05-10T11:11:02","date_gmt":"2022-05-10T14:11:02","guid":{"rendered":"https:\/\/defensoriarionegro.gov.ar\/drn\/?p=7447"},"modified":"2022-05-10T11:11:02","modified_gmt":"2022-05-10T14:11:02","slug":"audiencia-publica-la-defensoria-del-pueblo-expreso-no-estar-de-acuerdo-con-la-aprobacion-del-aumento-del-precio-del-gas-natural","status":"publish","type":"post","link":"https:\/\/defensoriarionegro.gov.ar\/drn\/audiencia-publica-la-defensoria-del-pueblo-expreso-no-estar-de-acuerdo-con-la-aprobacion-del-aumento-del-precio-del-gas-natural\/","title":{"rendered":"Audiencia P\u00fablica: la Defensor\u00eda del Pueblo expres\u00f3 no estar de acuerdo con la aprobaci\u00f3n del aumento del precio del gas natural."},"content":{"rendered":"<p>10 de mayo de 2022- \u201cEsto pondr\u00eda en riesgo el acceso de las familias a un servicio esencial durante el periodo de mayor demanda en una regi\u00f3n en la que es imposible prescindir del mismo, lo cual constituir\u00eda una clara violaci\u00f3n de derechos humanos\u201d, expres\u00f3 la Defensor\u00eda en oportunidad de realizarse hoy la audiencia p\u00fablica: \u201cNuevos precios del gas natural en el Punto de Ingreso al Sistema de Transporte (PIST) aplicables a partir del 1\u00b0 de junio de 2022&#8243;, convocada por la Secretar\u00eda de Energ\u00eda de la Naci\u00f3n.<\/p>\n<p>La Audiencia se trasmite en vivo a trav\u00e9s de You Tube <a href=\"https:\/\/www.youtube.com\/watch?v=WEfBmLAIdZA\">https:\/\/www.youtube.com\/watch?v=WEfBmLAIdZA<\/a> \u00a0y son 38 los expositores inscriptos para participar con un tiempo de cinco minutos cada uno.<\/p>\n<p>\u201cEn principio y como representantes de una provincia Patag\u00f3nica nos vemos en la obligaci\u00f3n de ratificar como lo decimos reiteradamente, que defendemos los derechos de personas, de familias que viven en una regi\u00f3n con objetivas dificultades que demandan un alt\u00edsimo costo para morigerar sus efectos y donde un servicio p\u00fablico como el que nos convoca, resulta un servicio esencial para la supervivencia\u201d, manifest\u00f3 en el comienzo de su exposici\u00f3n Sebasti\u00e1n Gim\u00e9nez, representante de la Defensor\u00eda del Pueblo.<\/p>\n<p>Remarc\u00f3 que \u201csi bien se ha expresado que desde diciembre de 2019 a marzo de 2022 a diferencia del precio por los cargos de \u2018transporte\u2019 y \u2018distribuci\u00f3n\u2019, el PIST no sufri\u00f3 variaciones, remarc\u00e1ndose que el Estado Nacional absorbe el 75,6% del costo total de demanda prioritaria, mientras que el equivalente al 24,4% lo pagan los usuarios; nada se dice de las exponenciales ganancias acumuladas por las empresas en los a\u00f1os inmediatos anteriores, las que debieran ser consideradas en esta oportunidad\u201d.<\/p>\n<p>Le\u00e9 la exposici\u00f3n completa en <span style=\"color: #3366ff;\"><a style=\"color: #3366ff;\" href=\"https:\/\/defensoriarionegro.gov.ar\/drn\/wp-content\/uploads\/2022\/05\/Audiencia-Publica-Exposicion-DPRN-10-5-2022.pdf\" target=\"_blank\" rel=\"noopener\">Audiencia P\u00fablica- Exposici\u00f3n DPRN 10 5 2022<\/a><\/span><\/p>\n","protected":false},"excerpt":{"rendered":"<p>10 de mayo de 2022- \u201cEsto pondr\u00eda en riesgo el acceso de las familias a un servicio esencial durante el periodo de mayor demanda en una regi\u00f3n en la que es imposible prescindir del mismo, lo cual constituir\u00eda una clara violaci\u00f3n de derechos humanos\u201d, expres\u00f3 la Defensor\u00eda en oportunidad de realizarse hoy la audiencia p\u00fablica: [&hellip;]<\/p>\n","protected":false},"author":2,"featured_media":7456,"comment_status":"closed","ping_status":"open","sticky":false,"template":"","format":"standard","meta":{"_jetpack_memberships_contains_paid_content":false,"footnotes":""},"categories":[18,49],"tags":[],"class_list":["post-7447","post","type-post","status-publish","format-standard","has-post-thumbnail","hentry","category-gacetillas","category-noticias"],"jetpack_featured_media_url":"https:\/\/defensoriarionegro.gov.ar\/drn\/wp-content\/uploads\/2022\/05\/1.png","jetpack_sharing_enabled":true,"_links":{"self":[{"href":"https:\/\/defensoriarionegro.gov.ar\/drn\/wp-json\/wp\/v2\/posts\/7447","targetHints":{"allow":["GET"]}}],"collection":[{"href":"https:\/\/defensoriarionegro.gov.ar\/drn\/wp-json\/wp\/v2\/posts"}],"about":[{"href":"https:\/\/defensoriarionegro.gov.ar\/drn\/wp-json\/wp\/v2\/types\/post"}],"author":[{"embeddable":true,"href":"https:\/\/defensoriarionegro.gov.ar\/drn\/wp-json\/wp\/v2\/users\/2"}],"replies":[{"embeddable":true,"href":"https:\/\/defensoriarionegro.gov.ar\/drn\/wp-json\/wp\/v2\/comments?post=7447"}],"version-history":[{"count":0,"href":"https:\/\/defensoriarionegro.gov.ar\/drn\/wp-json\/wp\/v2\/posts\/7447\/revisions"}],"wp:featuredmedia":[{"embeddable":true,"href":"https:\/\/defensoriarionegro.gov.ar\/drn\/wp-json\/wp\/v2\/media\/7456"}],"wp:attachment":[{"href":"https:\/\/defensoriarionegro.gov.ar\/drn\/wp-json\/wp\/v2\/media?parent=7447"}],"wp:term":[{"taxonomy":"category","embeddable":true,"href":"https:\/\/defensoriarionegro.gov.ar\/drn\/wp-json\/wp\/v2\/categories?post=7447"},{"taxonomy":"post_tag","embeddable":true,"href":"https:\/\/defensoriarionegro.gov.ar\/drn\/wp-json\/wp\/v2\/tags?post=7447"}],"curies":[{"name":"wp","href":"https:\/\/api.w.org\/{rel}","templated":true}]}}