{"id":7490,"date":"2022-06-02T13:23:48","date_gmt":"2022-06-02T16:23:48","guid":{"rendered":"https:\/\/defensoriarionegro.gov.ar\/drn\/?p=7490"},"modified":"2022-06-02T13:23:48","modified_gmt":"2022-06-02T16:23:48","slug":"viedma-sera-la-sede-del-i-plenario-anual-de-la-asociacion-de-defensorias-del-pueblo-de-la-republica-argentina-adpra","status":"publish","type":"post","link":"https:\/\/defensoriarionegro.gov.ar\/drn\/viedma-sera-la-sede-del-i-plenario-anual-de-la-asociacion-de-defensorias-del-pueblo-de-la-republica-argentina-adpra\/","title":{"rendered":"Viedma ser\u00e1 la sede del I Plenario Anual de la Asociaci\u00f3n de Defensor\u00edas del Pueblo de la Rep\u00fablica Argentina (ADPRA)."},"content":{"rendered":"\n<p>Junio 2022- Durante los d\u00edas lunes 6 y martes 7 de junio se desarrollar\u00e1 en la ciudad de Viedma el I Plenario Anual de la Asociaci\u00f3n de defensores y defensoras del pueblo de todo el pa\u00eds, organizado por la Defensor\u00eda del Pueblo de R\u00edo Negro. <\/p>\n\n\n\n<p>ADPRA es la asociaci\u00f3n civil que nuclea a las Defensor\u00edas del Pueblo locales y provinciales del pa\u00eds, su misi\u00f3n central es reafirmar y fortalecer el rol de las Defensor\u00edas como instituciones de la democracia garante de los derechos humanos. Tiene representaci\u00f3n en destacados organismos internacionales como la Federaci\u00f3n Iberoamericana del Ombudsman (FIO), el Instituto latinoamericano del Ombudsman (ILO) y el Instituto Internacional del Ombudsman (IOI).<br><\/p>\n\n\n\n<p>La apertura se realizar\u00e1 el martes 7 de junio, a partir de las 9:00, en el Sal\u00f3n Gris de la Casa de Gobierno y estar\u00e1 presidida por la gobernadora, Arabela Carreras.<\/p>\n\n\n\n<p><br>Las actividades preparatorias a la Sesi\u00f3n Plenaria comenzar\u00e1n el lunes 6 de junio, a partir de las 18.00, con la ponencia del Proyecto de Hidr\u00f3geno Verde en la Provincia de R\u00edo Negro a cargo del secretario de Estado de Planificaci\u00f3n, Daniel Sanguinetti.<\/p>\n\n\n\n<p><br>Inmediatamente despu\u00e9s, se realizar\u00e1 la presentaci\u00f3n del libro: \u201cDiccionario de las Defensor\u00edas del Pueblo\u201d, a cargo del reconocido especialista Alejandro Nat\u00f3, quien coordin\u00f3 la publicaci\u00f3n junto a Carlos Constenla y Mar\u00eda Soledad Man\u00edn, en calidad de integrantes del Instituto Latinoamericano del Ombudsman (ILO). Se trata de la primera publicaci\u00f3n en su tipo que tiene como objetivo principal contribuir al mejor desempe\u00f1o de estas instituciones. Es una obra que tiene multiplicidad de autores latinoamericanos y europeos.<\/p>\n","protected":false},"excerpt":{"rendered":"<p>Junio 2022- Durante los d\u00edas lunes 6 y martes 7 de junio se desarrollar\u00e1 en la ciudad de Viedma el I Plenario Anual de la Asociaci\u00f3n de defensores y defensoras del pueblo de todo el pa\u00eds, organizado por la Defensor\u00eda del Pueblo de R\u00edo Negro. ADPRA es la asociaci\u00f3n civil que nuclea a las Defensor\u00edas [&hellip;]<\/p>\n","protected":false},"author":2,"featured_media":7494,"comment_status":"closed","ping_status":"open","sticky":false,"template":"","format":"standard","meta":{"_jetpack_memberships_contains_paid_content":false,"footnotes":""},"categories":[18,49],"tags":[],"class_list":["post-7490","post","type-post","status-publish","format-standard","has-post-thumbnail","hentry","category-gacetillas","category-noticias"],"jetpack_featured_media_url":"https:\/\/defensoriarionegro.gov.ar\/drn\/wp-content\/uploads\/2022\/06\/PLENARIO-anual-ADPRA-2022.png","jetpack_sharing_enabled":true,"_links":{"self":[{"href":"https:\/\/defensoriarionegro.gov.ar\/drn\/wp-json\/wp\/v2\/posts\/7490","targetHints":{"allow":["GET"]}}],"collection":[{"href":"https:\/\/defensoriarionegro.gov.ar\/drn\/wp-json\/wp\/v2\/posts"}],"about":[{"href":"https:\/\/defensoriarionegro.gov.ar\/drn\/wp-json\/wp\/v2\/types\/post"}],"author":[{"embeddable":true,"href":"https:\/\/defensoriarionegro.gov.ar\/drn\/wp-json\/wp\/v2\/users\/2"}],"replies":[{"embeddable":true,"href":"https:\/\/defensoriarionegro.gov.ar\/drn\/wp-json\/wp\/v2\/comments?post=7490"}],"version-history":[{"count":0,"href":"https:\/\/defensoriarionegro.gov.ar\/drn\/wp-json\/wp\/v2\/posts\/7490\/revisions"}],"wp:featuredmedia":[{"embeddable":true,"href":"https:\/\/defensoriarionegro.gov.ar\/drn\/wp-json\/wp\/v2\/media\/7494"}],"wp:attachment":[{"href":"https:\/\/defensoriarionegro.gov.ar\/drn\/wp-json\/wp\/v2\/media?parent=7490"}],"wp:term":[{"taxonomy":"category","embeddable":true,"href":"https:\/\/defensoriarionegro.gov.ar\/drn\/wp-json\/wp\/v2\/categories?post=7490"},{"taxonomy":"post_tag","embeddable":true,"href":"https:\/\/defensoriarionegro.gov.ar\/drn\/wp-json\/wp\/v2\/tags?post=7490"}],"curies":[{"name":"wp","href":"https:\/\/api.w.org\/{rel}","templated":true}]}}