{"id":7521,"date":"2022-06-03T12:51:54","date_gmt":"2022-06-03T15:51:54","guid":{"rendered":"https:\/\/defensoriarionegro.gov.ar\/drn\/?p=7521"},"modified":"2022-06-03T12:51:54","modified_gmt":"2022-06-03T15:51:54","slug":"la-defensoria-del-pueblo-participo-hoy-en-la-consulta-publica-sobre-el-proyecto-girsu-del-alto-valle","status":"publish","type":"post","link":"https:\/\/defensoriarionegro.gov.ar\/drn\/la-defensoria-del-pueblo-participo-hoy-en-la-consulta-publica-sobre-el-proyecto-girsu-del-alto-valle\/","title":{"rendered":"La Defensor\u00eda del Pueblo particip\u00f3 hoy en la Consulta P\u00fablica sobre el Proyecto GIRSU del Alto Valle"},"content":{"rendered":"\n<p>La actividad se desarroll\u00f3 en el Complejo Cultural de Cipolletti, oportunidad en que la Defensor\u00eda del Pueblo particip\u00f3 como expositora.<br><\/p>\n\n\n\n<p>\u201cSobran antecedentes del da\u00f1o ambiental que genera la basura y el debate sobre el tratamiento de la misma es mucho m\u00e1s amplio y complejo que reducirlo al reciclaje\u201d, expres\u00f3 en la oportunidad Malvina Zille, en su calidad de representante de la Defensor\u00eda del Pueblo de R\u00edo negro.<br><\/p>\n\n\n\n<p>\u201cDestacamos la importancia del reciclaje como una de las acciones indispensables, pero advertimos que este es un problema que debe ser atendido desde su origen, desde la generaci\u00f3n en los domicilios y es aqu\u00ed, donde las personas deben ser activos protagonistas asumiendo la responsabilidad y el compromiso de adoptar h\u00e1bitos sustentables\u201d.<br><\/p>\n\n\n\n<p>El plan de Gesti\u00f3n Integral de Residuos S\u00f3lidos Urbanos (GIRSU) que lleva adelante el Estado nacional, contempla la construcci\u00f3n de centros ambientales y otras iniciativas vinculadas con el tratamiento de residuos de manera controlada. Paralelamente y dentro del mismo plan, se trabaja en el cierre y saneamiento de basurales a cielo abierto no operativos, \u00faltima etapa de la cadena de un proyecto GIRSU.<\/p>\n\n\n\n<p><br>Estuvieron presentes funcionarios de Ambiente y Desarrollo Sostenible de naci\u00f3n, autoridades\/funcionarios de la Provincia y de los Municipios de Campo Grande, Contralmirante Cordero, Cinco Saltos, Cipolletti, General Fern\u00e1ndez Oro y Allen, as\u00ed como tambi\u00e9n actores sociales involucrados.<\/p>\n\n\n\n<figure class=\"wp-block-image size-large\"><img decoding=\"async\" src=\"https:\/\/defensoriarionegro.gov.ar\/drn\/wp-content\/uploads\/2022\/06\/2-1024x460.jpeg\" alt=\"\" class=\"wp-image-7525\"\/><\/figure>\n","protected":false},"excerpt":{"rendered":"<p>La actividad se desarroll\u00f3 en el Complejo Cultural de Cipolletti, oportunidad en que la Defensor\u00eda del Pueblo particip\u00f3 como expositora. \u201cSobran antecedentes del da\u00f1o ambiental que genera la basura y el debate sobre el tratamiento de la misma es mucho m\u00e1s amplio y complejo que reducirlo al reciclaje\u201d, expres\u00f3 en la oportunidad Malvina Zille, en [&hellip;]<\/p>\n","protected":false},"author":2,"featured_media":7520,"comment_status":"closed","ping_status":"open","sticky":false,"template":"","format":"standard","meta":{"_jetpack_memberships_contains_paid_content":false,"footnotes":""},"categories":[18,49],"tags":[],"class_list":["post-7521","post","type-post","status-publish","format-standard","has-post-thumbnail","hentry","category-gacetillas","category-noticias"],"jetpack_featured_media_url":"https:\/\/defensoriarionegro.gov.ar\/drn\/wp-content\/uploads\/2022\/06\/1.jpeg","jetpack_sharing_enabled":true,"_links":{"self":[{"href":"https:\/\/defensoriarionegro.gov.ar\/drn\/wp-json\/wp\/v2\/posts\/7521","targetHints":{"allow":["GET"]}}],"collection":[{"href":"https:\/\/defensoriarionegro.gov.ar\/drn\/wp-json\/wp\/v2\/posts"}],"about":[{"href":"https:\/\/defensoriarionegro.gov.ar\/drn\/wp-json\/wp\/v2\/types\/post"}],"author":[{"embeddable":true,"href":"https:\/\/defensoriarionegro.gov.ar\/drn\/wp-json\/wp\/v2\/users\/2"}],"replies":[{"embeddable":true,"href":"https:\/\/defensoriarionegro.gov.ar\/drn\/wp-json\/wp\/v2\/comments?post=7521"}],"version-history":[{"count":0,"href":"https:\/\/defensoriarionegro.gov.ar\/drn\/wp-json\/wp\/v2\/posts\/7521\/revisions"}],"wp:featuredmedia":[{"embeddable":true,"href":"https:\/\/defensoriarionegro.gov.ar\/drn\/wp-json\/wp\/v2\/media\/7520"}],"wp:attachment":[{"href":"https:\/\/defensoriarionegro.gov.ar\/drn\/wp-json\/wp\/v2\/media?parent=7521"}],"wp:term":[{"taxonomy":"category","embeddable":true,"href":"https:\/\/defensoriarionegro.gov.ar\/drn\/wp-json\/wp\/v2\/categories?post=7521"},{"taxonomy":"post_tag","embeddable":true,"href":"https:\/\/defensoriarionegro.gov.ar\/drn\/wp-json\/wp\/v2\/tags?post=7521"}],"curies":[{"name":"wp","href":"https:\/\/api.w.org\/{rel}","templated":true}]}}