{"id":7598,"date":"2022-06-23T10:04:58","date_gmt":"2022-06-23T13:04:58","guid":{"rendered":"https:\/\/defensoriarionegro.gov.ar\/drn\/?p=7598"},"modified":"2022-06-23T10:04:58","modified_gmt":"2022-06-23T13:04:58","slug":"santagati-converso-con-giancaglini-ante-la-preocupacion-de-usuarios-del-servicio-de-transporte-de-pasajeros-koko","status":"publish","type":"post","link":"https:\/\/defensoriarionegro.gov.ar\/drn\/santagati-converso-con-giancaglini-ante-la-preocupacion-de-usuarios-del-servicio-de-transporte-de-pasajeros-koko\/","title":{"rendered":"Santagati convers\u00f3 con Giancaglini ante la preocupaci\u00f3n de usuarios del servicio de transporte de pasajeros Koko"},"content":{"rendered":"\n<p>23 de junio de 2022- Los usuarios del servicio, en la zona del Valle Medio y Alto Valle de la provincia, requirieron informaci\u00f3n respecto a qu\u00e9 suceder\u00e1 con el saldo que queda en las tarjetas Busko, siendo que la empresa coloc\u00f3 carteles en sus unidades comunicando que, ma\u00f1ana viernes, ser\u00e1 el \u00faltimo d\u00eda para utilizar las mismas y que a continuaci\u00f3n s\u00f3lo funcionar\u00e1 la tarjeta SUBE.<\/p>\n\n\n\n<p>En este sentido la defensora del pueblo, Adriana Santagati, mantuvo una comunicaci\u00f3n con el secretario de Transporte, Juan Ignacio Ciancaglini, a los fines de solicitarle informaci\u00f3n al respecto al tiempo que requiri\u00f3 que la transici\u00f3n del uso de una tarjeta a la otra se realice de forma ordenada para evitar perjuicios a los usuarios del servicio.<\/p>\n\n\n\n<p>Ciancaglini inform\u00f3, luego de contactarse con el \u00e1rea legal de la empresa, que lo que la misma pretende es desalentar en los usuarios el uso de otros medios de pago para el servicio de transporte urbano en miras a que, en un futuro, sea s\u00f3lo la tarjeta Sube la que se utilice para tal fin. El funcionario explic\u00f3 que de ninguna manera ese objetivo tiene que tener un corte radical sobre el uso de otros medios de pago sino que es algo que se debe hacer gradual para no generar perjuicios al usuario y que en ese sentido fue la empresa Koko quien no utiliz\u00f3 la mejor forma para comunicarlo.<\/p>\n\n\n\n<p>Ante nuevas inquietudes o reclamos que puedan surgir de los usuarios del servicio de transporte urbano de pasajeros, la Defensor\u00eda recibe las presentaciones a trav\u00e9s de <a href=\"http:\/\/www.defensoriarionegro.gov.ar\">www.defensoriarionegro.gov.ar<\/a>; por correo electr\u00f3nico a <a href=\"mailto:consulta@defensoria.rionegro.gov.ar\">consulta@defensoria.rionegro.gov.ar<\/a>; por tel\u00e9fono llamando al 080 999 3776 o bien de forma presencial en nuestra sede central y delegaciones.<\/p>\n","protected":false},"excerpt":{"rendered":"<p>23 de junio de 2022- Los usuarios del servicio, en la zona del Valle Medio y Alto Valle de la provincia, requirieron informaci\u00f3n respecto a qu\u00e9 suceder\u00e1 con el saldo que queda en las tarjetas Busko, siendo que la empresa coloc\u00f3 carteles en sus unidades comunicando que, ma\u00f1ana viernes, ser\u00e1 el \u00faltimo d\u00eda para utilizar [&hellip;]<\/p>\n","protected":false},"author":2,"featured_media":7604,"comment_status":"closed","ping_status":"open","sticky":false,"template":"","format":"standard","meta":{"_jetpack_memberships_contains_paid_content":false,"footnotes":""},"categories":[18,49],"tags":[],"class_list":["post-7598","post","type-post","status-publish","format-standard","has-post-thumbnail","hentry","category-gacetillas","category-noticias"],"jetpack_featured_media_url":"https:\/\/defensoriarionegro.gov.ar\/drn\/wp-content\/uploads\/2022\/06\/koko.jpg","jetpack_sharing_enabled":true,"_links":{"self":[{"href":"https:\/\/defensoriarionegro.gov.ar\/drn\/wp-json\/wp\/v2\/posts\/7598","targetHints":{"allow":["GET"]}}],"collection":[{"href":"https:\/\/defensoriarionegro.gov.ar\/drn\/wp-json\/wp\/v2\/posts"}],"about":[{"href":"https:\/\/defensoriarionegro.gov.ar\/drn\/wp-json\/wp\/v2\/types\/post"}],"author":[{"embeddable":true,"href":"https:\/\/defensoriarionegro.gov.ar\/drn\/wp-json\/wp\/v2\/users\/2"}],"replies":[{"embeddable":true,"href":"https:\/\/defensoriarionegro.gov.ar\/drn\/wp-json\/wp\/v2\/comments?post=7598"}],"version-history":[{"count":0,"href":"https:\/\/defensoriarionegro.gov.ar\/drn\/wp-json\/wp\/v2\/posts\/7598\/revisions"}],"wp:featuredmedia":[{"embeddable":true,"href":"https:\/\/defensoriarionegro.gov.ar\/drn\/wp-json\/wp\/v2\/media\/7604"}],"wp:attachment":[{"href":"https:\/\/defensoriarionegro.gov.ar\/drn\/wp-json\/wp\/v2\/media?parent=7598"}],"wp:term":[{"taxonomy":"category","embeddable":true,"href":"https:\/\/defensoriarionegro.gov.ar\/drn\/wp-json\/wp\/v2\/categories?post=7598"},{"taxonomy":"post_tag","embeddable":true,"href":"https:\/\/defensoriarionegro.gov.ar\/drn\/wp-json\/wp\/v2\/tags?post=7598"}],"curies":[{"name":"wp","href":"https:\/\/api.w.org\/{rel}","templated":true}]}}